{"id":119119,"date":"2025-05-22T09:47:08","date_gmt":"2025-05-22T09:47:08","guid":{"rendered":"https:\/\/www.europesays.com\/fr\/119119\/"},"modified":"2025-05-22T09:47:08","modified_gmt":"2025-05-22T09:47:08","slug":"une-nouvelle-etape-pour-la-formation-des-jeunes-dans-lindustrie","status":"publish","type":"post","link":"https:\/\/www.europesays.com\/fr\/119119\/","title":{"rendered":"Une \u00ab nouvelle \u00e9tape \u00bb pour la formation des jeunes dans l\u2019industrie"},"content":{"rendered":"<p>                    <img loading=\"lazy\" decoding=\"async\" src=\"https:\/\/www.europesays.com\/fr\/wp-content\/uploads\/2025\/05\/9f0a7183361692f594dc5c22bd9857.jpg\" class=\"img-responsive post-image\" width=\"680\" height=\"510\" alt=\"Une \u00ab nouvelle \u00e9tape (\u2026)\" title=\"Une \u00ab nouvelle \u00e9tape \u00bb pour la formation des jeunes dans l'industrie\"\/><\/p>\n<p class=\"chapo\">L\u2019\u00e9cole de production \u00ab\u00a0Je fabrique mon avenir\u00a0\u00bb de Nice, ouverte aux jeunes \u00e0 partir de 15 ans et qui d\u00e9livre un CAP en \u00e9lectricit\u00e9, a \u00e9t\u00e9 inaugur\u00e9e mercredi 21 mai au Campus Sud des m\u00e9tiers de la CCI Nice C\u00f4te d\u2019Azur.<\/p>\n<p>Port\u00e9e par l\u2019UIMM Sud Corse, avec le soutien financier de l\u2019\u00c9tat, de la r\u00e9gion Sud et de la Fondation TotalEnergies, cette formation a accueilli jusqu\u2019\u00e0 16 jeunes lors de cette ann\u00e9e scolaire 2024-2025 et en accueillera 30 l\u2019ann\u00e9e prochaine.<\/p>\n<p>\u00ab\u00a0La puissance de l\u2019industrie\u00a0\u00bb<\/p>\n<p>\u00ab\u00a0C\u2019est une nouvelle \u00e9tape que nous franchissons collectivement\u00a0\u00a0\u00bb, s\u2019est r\u00e9joui le pr\u00e9sident de la chambre de commerce et d\u2019industrie azur\u00e9enne <strong>Jean-Pierre Savarino<\/strong>. \u00ab\u00a0\u00a0Les m\u00e9tiers de l\u2019industrie peinent encore \u00e0 attirer, en particulier les jeunes g\u00e9n\u00e9rations. Pourtant ces m\u00e9tiers sont porteurs de sens, d\u2019innovation, d\u2019avenir et constituent un pilier essentiel de notre \u00e9conomie locale\u00a0\u00bb, a-t-il soulign\u00e9<strong>. Marcel Ragni<\/strong>, pr\u00e9sident de l\u2019UIMM C\u00f4te d\u2019Azur et Corse, avait annonc\u00e9 le lancement de cette formation pour la rentr\u00e9e 2024 il y a un an lors de l\u2019assembl\u00e9e g\u00e9n\u00e9rale de l\u2019UIMM 06. \u00ab\u00a0\u00a0Cr\u00e9er une \u00e9cole de production \u00e9tait pour moi un challenge, sachant que je suis un autodidacte car j\u2019ai quitt\u00e9 l\u2019\u00e9cole tr\u00e8s t\u00f4t\u00a0\u00a0\u00bb, a-t-il confi\u00e9 mercredi. \u00ab\u00a0Faire cette \u00e9cole, c\u2019est surtout dans l\u2019int\u00e9r\u00eat des enfants qui sont en \u00e9chec scolaire\u00a0\u00bb, a-t-il assur\u00e9. Selon  l\u2019UIMM,\u00a0en moyenne, <strong>70\u00a0% des jeunes\u00a0sortant des \u00e9coles de production trouvent un emploi dans les\u00a0trois mois\u00a0qui suivent<\/strong>. Cette inauguration s\u2019int\u00e9grait dans la  deuxi\u00e8me \u00e9dition du <strong>Spring Tech<\/strong>, \u00e9v\u00e9nement organis\u00e9 par la m\u00e9tropole Nice C\u00f4te d\u2019Azur et d\u00e9di\u00e9 cette ann\u00e9e \u00e0 l\u2019industrie, avec \u00e9galement un job dating, des ateliers et un espace d\u2019exposition de solutions innovantes propos\u00e9s par les industriels du territoire. <strong>Jacques Richier<\/strong>, conseiller m\u00e9tropolitain d\u00e9l\u00e9gu\u00e9 \u00e0 l\u2019\u00c9conomie, au Tourisme,\u00a0\u00e0 l\u2019Industrie, \u00e0 l\u2019Innovation et \u00e0 l\u2019Emploi, a expliqu\u00e9 que le r\u00f4le de la m\u00e9tropole \u00e9tait de \u00ab\u00a0rappeler la puissance de l\u2019industrie\u00a0\u00a0\u00bb. <strong>Xavier Latour,<\/strong> vice-pr\u00e9sident m\u00e9tropolitain, d\u00e9l\u00e9gu\u00e9 \u00e0 l\u2019Enseignement sup\u00e9rieur, la Recherche et la Formation, a relev\u00e9 l\u2019importance de la formation \u00ab\u00a0\u00a0\u00e0 tous les \u00e2ges et pour tous les publics\u00a0\u00a0\u00bb.<\/p>\n<p>Photo de Une\u00a0: (De gauche \u00e0 droite) Jean-Pierre Savarino, Xavier Latour, le secr\u00e9taire g\u00e9n\u00e9ral de la pr\u00e9fecture Patrick Amoussou-Ad\u00e9bl\u00e9, Marcel Ragni et Jacques Richier. \u00a9S.Guin\u00e9<\/p>\n","protected":false},"excerpt":{"rendered":"L\u2019\u00e9cole de production \u00ab\u00a0Je fabrique mon avenir\u00a0\u00bb de Nice, ouverte aux jeunes \u00e0 partir de 15 ans et&hellip;\n","protected":false},"author":2,"featured_media":119120,"comment_status":"","ping_status":"","sticky":false,"template":"","format":"standard","meta":{"footnotes":""},"categories":[2819],"tags":[1111,11,2408,1777,674,1011,27,12,2401,882,25],"class_list":{"0":"post-119119","1":"post","2":"type-post","3":"status-publish","4":"format-standard","5":"has-post-thumbnail","7":"category-nice","8":"tag-actu","9":"tag-actualites","10":"tag-appels-d","11":"tag-eu","12":"tag-europe","13":"tag-fr","14":"tag-france","15":"tag-news","16":"tag-nice","17":"tag-provence-alpes-cote-dazur","18":"tag-republique-francaise"},"share_on_mastodon":{"url":"https:\/\/pubeurope.com\/@fr\/114550855634551452","error":""},"_links":{"self":[{"href":"https:\/\/www.europesays.com\/fr\/wp-json\/wp\/v2\/posts\/119119","targetHints":{"allow":["GET"]}}],"collection":[{"href":"https:\/\/www.europesays.com\/fr\/wp-json\/wp\/v2\/posts"}],"about":[{"href":"https:\/\/www.europesays.com\/fr\/wp-json\/wp\/v2\/types\/post"}],"author":[{"embeddable":true,"href":"https:\/\/www.europesays.com\/fr\/wp-json\/wp\/v2\/users\/2"}],"replies":[{"embeddable":true,"href":"https:\/\/www.europesays.com\/fr\/wp-json\/wp\/v2\/comments?post=119119"}],"version-history":[{"count":0,"href":"https:\/\/www.europesays.com\/fr\/wp-json\/wp\/v2\/posts\/119119\/revisions"}],"wp:featuredmedia":[{"embeddable":true,"href":"https:\/\/www.europesays.com\/fr\/wp-json\/wp\/v2\/media\/119120"}],"wp:attachment":[{"href":"https:\/\/www.europesays.com\/fr\/wp-json\/wp\/v2\/media?parent=119119"}],"wp:term":[{"taxonomy":"category","embeddable":true,"href":"https:\/\/www.europesays.com\/fr\/wp-json\/wp\/v2\/categories?post=119119"},{"taxonomy":"post_tag","embeddable":true,"href":"https:\/\/www.europesays.com\/fr\/wp-json\/wp\/v2\/tags?post=119119"}],"curies":[{"name":"wp","href":"https:\/\/api.w.org\/{rel}","templated":true}]}}