{"id":119135,"date":"2025-05-22T09:55:26","date_gmt":"2025-05-22T09:55:26","guid":{"rendered":"https:\/\/www.europesays.com\/fr\/119135\/"},"modified":"2025-05-22T09:55:26","modified_gmt":"2025-05-22T09:55:26","slug":"participez-au-forum-des-associations-et-du-benevolat-2025-sengager-dans-la-vie-associative-participer","status":"publish","type":"post","link":"https:\/\/www.europesays.com\/fr\/119135\/","title":{"rendered":"Participez au Forum des Associations et du B\u00e9n\u00e9volat 2025 \/ S\u2019engager dans la vie associative \/ Participer"},"content":{"rendered":"<p><strong>Le Forum des Associations et du B\u00e9n\u00e9volat se tiendra le samedi 27 septembre 2025 \u00e0 Lille, au Grand Sud (50 rue de l\u2019Europe). Organis\u00e9 par la Maison des Associations, cet \u00e9v\u00e9nement est un rendez-vous incontournable pour les structures associatives de Lille, Hellemmes et Lomme.<\/strong><\/p>\n<p>            <img loading=\"lazy\" decoding=\"async\" src=\"\/var\/www\/storage\/images\/mediatheque\/mairie-de-lille\/n1\/participer\/s-engager-dans-la-vie-associative\/images\/forum-2023\/3279422-1-fre-FR\/Forum-2023_news_image_top.jpg\" width=\"779\" height=\"519\" alt=\"\"\/><\/p>\n<p>Chaque ann\u00e9e, le forum permet de valoriser la richesse et la diversit\u00e9 du tissu associatif lillois. C\u2019est l\u2019occasion pour les associations de pr\u00e9senter leurs projets, de sensibiliser \u00e0 leurs actions, de recruter des b\u00e9n\u00e9voles et de renforcer leur visibilit\u00e9 aupr\u00e8s du public.<\/p>\n<p><strong><strong>Pourquoi participer ?<\/strong><\/strong><\/p>\n<p>Participer au Forum, c\u2019est avant tout une opportunit\u00e9 de vous faire conna\u00eetre. Vous pourrez partager vos missions et projets. C\u2019est aussi un excellent moyen de rencontrer des citoyens motiv\u00e9s \u00e0 s\u2019impliquer, \u00e0 court ou long terme, dans la vie locale.<\/p>\n<p><strong><strong>Comment s\u2019inscrire\u00a0?<\/strong><\/strong><\/p>\n<p>Les inscriptions seront ouvertes \u00e0 partir du 12 juin 2025. L\u2019inscription est gratuite. Il vous suffira de remplir le formulaire pr\u00e9vu \u00e0 cet effet et de le retourner accompagn\u00e9 des pi\u00e8ces justificatives demand\u00e9es par mail \u00e0 <a href=\"https:\/\/www.lille.fr\/Participer\/S-engager-dans-la-vie-associative\/mailto:%20LD_forumassos@mairie-lille.fr\" title=\"Cliquez pour ouvrir votre messagerie\" target=\"_self\" class=\"lien_interne\" rel=\"nofollow noopener\">LD_forumassos@mairie-lille.fr<\/a>.<\/p>\n<p>\u00a0Les places \u00e9tant limit\u00e9es, nous vous invitons donc \u00e0 ne pas attendre le dernier moment pour vous inscrire.<\/p>\n<p>\u00a0Nous esp\u00e9rons vous retrouver nombreuses et nombreux le 27 septembre pour cette nouvelle \u00e9dition du Forum, d\u00e9di\u00e9e \u00e0 l\u2019engagement, \u00e0 la solidarit\u00e9 et \u00e0 la vitalit\u00e9 du monde associatif lillois.<\/p>\n<p>            Lire aussi<\/p>\n<p>            <img loading=\"lazy\" decoding=\"async\" src=\"\/var\/www\/storage\/images\/mediatheque\/mairie-de-lille\/n1\/participer\/s-engager-dans-la-vie-associative\/images\/formation-2021\/2816525-1-fre-FR\/Formation-2021_crossreading.jpg\" width=\"95\" height=\"95\" alt=\"\"\/>           <\/p>\n<p>        <a href=\"https:\/\/www.lille.fr\/Participer\/S-engager-dans-la-vie-associative\/Les-formations\" class=\"actuTitle\" title=\"Les formations \" rel=\"nofollow noopener\" target=\"_blank\">Les formations <\/a><\/p>\n<p>Cr\u00e9er et g\u00e9rer une association, \u00e7a s\u2019apprend ! La Maison des Associations de Lille vous accompagne pour acqu\u00e9rir ou consolider les comp\u00e9tences n\u00e9c&#8230;<\/p>\n<p>        <a href=\"https:\/\/www.lille.fr\/Participer\/S-engager-dans-la-vie-associative\/Les-formations\" class=\"voirActus\" rel=\"nofollow noopener\" target=\"_blank\">Voir<\/a><\/p>\n<p>            <img loading=\"lazy\" decoding=\"async\" src=\"\/var\/www\/storage\/images\/mediatheque\/mairie-de-lille\/actualites\/images\/2024\/mai-2024\/marche-des-fiertes\/3499696-1-fre-FR\/Marche-des-fiertes_crossreading.jpg\" width=\"95\" height=\"95\" alt=\"\"\/>           <\/p>\n<p>            <img loading=\"lazy\" decoding=\"async\" src=\"\/var\/www\/storage\/images\/mediatheque\/mairie-de-lille\/actualites\/images\/2025\/mai-2025\/luke-newton\/3768746-1-fre-FR\/luke-newton_crossreading.jpg\" width=\"95\" height=\"95\" alt=\"\"\/>           <\/p>\n","protected":false},"excerpt":{"rendered":"Le Forum des Associations et du B\u00e9n\u00e9volat se tiendra le samedi 27 septembre 2025 \u00e0 Lille, au Grand&hellip;\n","protected":false},"author":2,"featured_media":119136,"comment_status":"","ping_status":"","sticky":false,"template":"","format":"standard","meta":{"footnotes":""},"categories":[2815],"tags":[1111,11,4763,1777,674,1011,27,811,1307,5415,12,25],"class_list":{"0":"post-119135","1":"post","2":"type-post","3":"status-publish","4":"format-standard","5":"has-post-thumbnail","7":"category-lille","8":"tag-actu","9":"tag-actualites","10":"tag-agenda","11":"tag-eu","12":"tag-europe","13":"tag-fr","14":"tag-france","15":"tag-hauts-de-france","16":"tag-lille","17":"tag-mairie","18":"tag-news","19":"tag-republique-francaise"},"share_on_mastodon":{"url":"https:\/\/pubeurope.com\/@fr\/114550887306099065","error":""},"_links":{"self":[{"href":"https:\/\/www.europesays.com\/fr\/wp-json\/wp\/v2\/posts\/119135","targetHints":{"allow":["GET"]}}],"collection":[{"href":"https:\/\/www.europesays.com\/fr\/wp-json\/wp\/v2\/posts"}],"about":[{"href":"https:\/\/www.europesays.com\/fr\/wp-json\/wp\/v2\/types\/post"}],"author":[{"embeddable":true,"href":"https:\/\/www.europesays.com\/fr\/wp-json\/wp\/v2\/users\/2"}],"replies":[{"embeddable":true,"href":"https:\/\/www.europesays.com\/fr\/wp-json\/wp\/v2\/comments?post=119135"}],"version-history":[{"count":0,"href":"https:\/\/www.europesays.com\/fr\/wp-json\/wp\/v2\/posts\/119135\/revisions"}],"wp:featuredmedia":[{"embeddable":true,"href":"https:\/\/www.europesays.com\/fr\/wp-json\/wp\/v2\/media\/119136"}],"wp:attachment":[{"href":"https:\/\/www.europesays.com\/fr\/wp-json\/wp\/v2\/media?parent=119135"}],"wp:term":[{"taxonomy":"category","embeddable":true,"href":"https:\/\/www.europesays.com\/fr\/wp-json\/wp\/v2\/categories?post=119135"},{"taxonomy":"post_tag","embeddable":true,"href":"https:\/\/www.europesays.com\/fr\/wp-json\/wp\/v2\/tags?post=119135"}],"curies":[{"name":"wp","href":"https:\/\/api.w.org\/{rel}","templated":true}]}}