{"id":119137,"date":"2025-05-22T09:56:09","date_gmt":"2025-05-22T09:56:09","guid":{"rendered":"https:\/\/www.europesays.com\/fr\/119137\/"},"modified":"2025-05-22T09:56:09","modified_gmt":"2025-05-22T09:56:09","slug":"des-bouchons-monstrueux-ce-jeudi","status":"publish","type":"post","link":"https:\/\/www.europesays.com\/fr\/119137\/","title":{"rendered":"des bouchons monstrueux ce jeudi"},"content":{"rendered":"<p>            Par<br \/>\n        <strong><br \/>\n            <a href=\"https:\/\/actu.fr\/auteur\/margot-nicodeme\" title=\"Consulter tous les articles de Margot Nicod\u00e8me\" target=\"_blank\" rel=\"noopener\">Margot Nicod\u00e8me<\/a><br \/>\n        <\/strong><\/p>\n<p>        Publi\u00e9 le<\/p>\n<p>            22 mai 2025 \u00e0 11h14        <\/p>\n<p>Prudence, si vous empruntez<b> la <a href=\"https:\/\/actu.fr\/tag\/autoroute-1-a1\" target=\"_blank\" rel=\"noopener\">tr\u00e8s fr\u00e9quent\u00e9e autoroute A1<\/a><\/b> dans le Nord, ce jeudi 22 mai au matin. <b>Un <a href=\"https:\/\/actu.fr\/tag\/accident\" target=\"_blank\" rel=\"noopener\">accident<\/a> impliquant plusieurs v\u00e9hicules, dont un poids lourd<\/b>, est survenu aux alentours de 9h15, en direction de <a href=\"https:\/\/actu.fr\/hauts-de-france\/lille_59350\" target=\"_blank\" rel=\"noopener\">Lille<\/a>. Des bouchons monstrueux se sont form\u00e9s.\u00a0<\/p>\n<p>Accident entre un poids lourd et des voitures sur l\u2019A1 pr\u00e8s de Lille : jusqu\u2019\u00e0 13 km de bouchons<\/p>\n<p class=\" wall-content\">La collision est localis\u00e9e \u00e0 <a href=\"https:\/\/actu.fr\/hauts-de-france\/lesquin_59343\" target=\"_blank\" rel=\"noopener\">Lesquin<\/a>, dans le sens Paris \u2013 Lille. Un poids lourd, donc, est impliqu\u00e9, ainsi que trois voitures. La voie de gauche et la voie m\u00e9diane ont \u00e9t\u00e9 instantan\u00e9ment neutralis\u00e9es, g\u00e9n\u00e9rant rapidement de gros embouteillages. <b>D\u2019abord 7 km de bouchons, puis 13 km<\/b>, \u00e0 9h45.\u00a0<\/p>\n<p class=\" wall-content\">Seule une voie de circulation est ouverte en direction de Lille-<a href=\"https:\/\/actu.fr\/hauts-de-france\/dunkerque_59183\" target=\"_blank\" rel=\"noopener\">Dunkerque<\/a>, indique la cellule de vigilance routi\u00e8re. La congestion s\u2019intensifie peu avant 10h, soyez tr\u00e8s vigilants. Evitez le secteur, si possible.<\/p>\n<p class=\" wall-content\"><b>ACTUALISATION :<\/b> \u00e0 11h10, la cellule de vigilance routi\u00e8re pr\u00e9cise que<b> l\u2019accident est termin\u00e9<\/b>. Les <b>voies de circulation se lib\u00e8rent <\/b>peu \u00e0 peu, pour une r\u00e9sorption progressive du bouchon.<\/p>\n<p class=\" wall-content\">Suivez toute l\u2019actualit\u00e9 de vos villes et m\u00e9dias favoris en vous inscrivant \u00e0 <a href=\"https:\/\/moncompte.actu.fr\" title=\"D\u00e9couvez Mon Actu\" rel=\"nofollow noopener\" data-trk=\"{&quot;cta&quot;:{&quot;action&quot;:&quot;https:\\\/\\\/moncompte.actu.fr&quot;,&quot;category&quot;:&quot;mon compte&quot;,&quot;from&quot;:&quot;article footer&quot;,&quot;name&quot;:&quot;Mon actu&quot;,&quot;type&quot;:&quot;cta&quot;}}\" target=\"_blank\">Mon Actu<\/a>.<\/p>\n","protected":false},"excerpt":{"rendered":"Par Margot Nicod\u00e8me Publi\u00e9 le 22 mai 2025 \u00e0 11h14 Prudence, si vous empruntez la tr\u00e8s fr\u00e9quent\u00e9e autoroute&hellip;\n","protected":false},"author":2,"featured_media":119138,"comment_status":"","ping_status":"","sticky":false,"template":"","format":"standard","meta":{"footnotes":""},"categories":[2815],"tags":[119,1111,11,9904,1777,674,1011,27,811,1307,12,25,104],"class_list":{"0":"post-119137","1":"post","2":"type-post","3":"status-publish","4":"format-standard","5":"has-post-thumbnail","7":"category-lille","8":"tag-accident","9":"tag-actu","10":"tag-actualites","11":"tag-autoroute-1-a1","12":"tag-eu","13":"tag-europe","14":"tag-fr","15":"tag-france","16":"tag-hauts-de-france","17":"tag-lille","18":"tag-news","19":"tag-republique-francaise","20":"tag-societe"},"share_on_mastodon":{"url":"https:\/\/pubeurope.com\/@fr\/114550891170315613","error":""},"_links":{"self":[{"href":"https:\/\/www.europesays.com\/fr\/wp-json\/wp\/v2\/posts\/119137","targetHints":{"allow":["GET"]}}],"collection":[{"href":"https:\/\/www.europesays.com\/fr\/wp-json\/wp\/v2\/posts"}],"about":[{"href":"https:\/\/www.europesays.com\/fr\/wp-json\/wp\/v2\/types\/post"}],"author":[{"embeddable":true,"href":"https:\/\/www.europesays.com\/fr\/wp-json\/wp\/v2\/users\/2"}],"replies":[{"embeddable":true,"href":"https:\/\/www.europesays.com\/fr\/wp-json\/wp\/v2\/comments?post=119137"}],"version-history":[{"count":0,"href":"https:\/\/www.europesays.com\/fr\/wp-json\/wp\/v2\/posts\/119137\/revisions"}],"wp:featuredmedia":[{"embeddable":true,"href":"https:\/\/www.europesays.com\/fr\/wp-json\/wp\/v2\/media\/119138"}],"wp:attachment":[{"href":"https:\/\/www.europesays.com\/fr\/wp-json\/wp\/v2\/media?parent=119137"}],"wp:term":[{"taxonomy":"category","embeddable":true,"href":"https:\/\/www.europesays.com\/fr\/wp-json\/wp\/v2\/categories?post=119137"},{"taxonomy":"post_tag","embeddable":true,"href":"https:\/\/www.europesays.com\/fr\/wp-json\/wp\/v2\/tags?post=119137"}],"curies":[{"name":"wp","href":"https:\/\/api.w.org\/{rel}","templated":true}]}}