{"id":119156,"date":"2025-05-22T10:06:08","date_gmt":"2025-05-22T10:06:08","guid":{"rendered":"https:\/\/www.europesays.com\/fr\/119156\/"},"modified":"2025-05-22T10:06:08","modified_gmt":"2025-05-22T10:06:08","slug":"rapport-sur-les-freres-musulmans-la-grande-mosquee-de-paris-sinquiete-dune-stigmatisation-des-fideles","status":"publish","type":"post","link":"https:\/\/www.europesays.com\/fr\/119156\/","title":{"rendered":"Rapport sur les Fr\u00e8res musulmans\u00a0: la Grande mosqu\u00e9e de Paris s\u2019inqui\u00e8te d\u2019une \u00ab\u00a0stigmatisation\u00a0\u00bb des fid\u00e8les"},"content":{"rendered":"<p class=\"paragraph text_align_left\">Le <a href=\"https:\/\/www.leparisien.fr\/societe\/je-joue-un-role-religieux-le-recteur-de-la-grande-mosquee-de-paris-pointe-du-doigt-pour-son-systeme-de-certification-halal-24-01-2025-EP5RMJHE4BCPPJZHOFEV3ZNF4E.php\" target=\"_blank\" rel=\"noreferrer nofollow noopener\">recteur de la Grande mosqu\u00e9e de Paris, Chems-eddine Hafiz<\/a>, s\u2019est inqui\u00e9t\u00e9 ce jeudi d\u2019une \u00ab\u00a0stigmatisation\u00a0\u00bb <a href=\"https:\/\/www.leparisien.fr\/politique\/du-rapport-sur-lentrisme-des-freres-musulmans-a-lavenir-de-lr-bruno-retailleau-devoile-son-plan-21-05-2025-DXHSIWMKHZFDXBJZQS2NDNQENY.php\" target=\"_blank\" rel=\"noreferrer nofollow noopener\">des musulmans au nom de la lutte contre l\u2019islamisme<\/a>, tout en appelant les pouvoirs publics \u00e0 la \u00ab\u00a0coh\u00e9rence\u00a0\u00bb, apr\u00e8s la publication d\u2019un rapport sur le sujet.<\/p>\n<p class=\"paragraph text_align_left\">La Grande mosqu\u00e9e \u00ab\u00a0a toujours d\u00e9fendu une vision de l\u2019islam compatible avec la lettre et l\u2019esprit des principes de la R\u00e9publique\u00a0\u00bb, et \u00ab\u00a0toujours refus\u00e9 que l\u2019islam soit d\u00e9voy\u00e9 \u00e0 des fins politiques visant \u00e0 fracturer la communaut\u00e9 nationale\u00a0\u00bb, affirme le recteur dans un communiqu\u00e9.<\/p>\n<blockquote class=\"twitter-tweet\">\n<p lang=\"fr\" dir=\"ltr\">\ud835\udc02\ud835\udc0e\ud835\udc0c\ud835\udc0c\ud835\udc14\ud835\udc0d\ud835\udc08\ud835\udc10\ud835\udc14\ud835\udc04\u0301 | La Grande Mosqu\u00e9e de Paris a pris connaissance des informations contenues dans le <a href=\"https:\/\/twitter.com\/hashtag\/rapport?src=hash&amp;ref_src=twsrc%5Etfw\" rel=\"nofollow noopener\" target=\"_blank\">#rapport<\/a> \u00ab Fr\u00e8res musulmans et islamisme politique en France \u00bb soumis au pr\u00e9sident de la R\u00e9publique Emmanuel Macron lors d\u2019un conseil de d\u00e9fense et de s\u00e9curit\u00e9 nationale et\u2026 <a href=\"https:\/\/t.co\/FKdkKMeSxL\" rel=\"nofollow\">pic.twitter.com\/FKdkKMeSxL<\/a><\/p>\n<p>\u2014 Grande Mosqu\u00e9e de Paris (@mosqueedeparis) <a href=\"https:\/\/twitter.com\/mosqueedeparis\/status\/1925441453221707914?ref_src=twsrc%5Etfw\" rel=\"nofollow noopener\" target=\"_blank\">May 22, 2025<\/a><\/p><\/blockquote>\n<p class=\"paragraph text_align_left\">Mais \u00ab\u00a0elle refuse aussi que la lutte l\u00e9gitime contre l\u2019islamisme ne devienne un pr\u00e9texte pour stigmatiser les musulmans et servir des agendas politiques particuliers\u00a0\u00bb, ajoute le texte, en d\u00e9plorant \u00ab\u00a0la construction d\u2019un probl\u00e8me musulman et l\u2019\u00e9laboration insidieuse d\u2019un discours discriminatoire de plus en plus d\u00e9complex\u00e9\u00a0\u00bb.<\/p>\n<p>Musulmans de France (MF) vis\u00e9 par un rapport<\/p>\n<p class=\"paragraph text_align_left\">Chems-eddine Hafiz r\u00e9agissait \u00e0 un rapport sur l\u2019islamisme politique <a href=\"https:\/\/www.leparisien.fr\/politique\/rapport-sur-les-freres-musulmans-emmanuel-macron-reunit-un-conseil-de-defense-ce-mercredi-des-mesures-attendues-21-05-2025-EIVXFCVHTVCQFOLWHSBXQRJH64.php\" target=\"_blank\" rel=\"noreferrer nofollow noopener\">pr\u00e9sent\u00e9 ce mercredi en Conseil de d\u00e9fense,<\/a> qui met en garde <a href=\"https:\/\/www.leparisien.fr\/politique\/entrisme-des-freres-musulmans-macron-demande-au-gouvernement-de-formuler-de-nouvelles-propositions-pour-debut-juin-21-05-2025-Z3Q3LHM5LBGCBBA4OZMFMSVZXQ.php\" target=\"_blank\" rel=\"noreferrer nofollow noopener\">contre un entrisme \u00ab\u00a0par le bas\u00a0\u00bb, au niveau local et associatif<\/a>, men\u00e9 par les Fr\u00e8res musulmans. Le rapport cible notamment Musulmans de France (MF), qui a succ\u00e9d\u00e9 en 2017 \u00e0 l\u2019Union des organisations islamiques de France (UOIF), et est pr\u00e9sent\u00e9 comme \u00ab\u00a0la branche nationale\u00a0\u00bb des Fr\u00e8res musulmans en France.<\/p>\n<p class=\"paragraph text_align_left\">Or, Musulmans de France \u00ab\u00a0maintient historiquement une relation privil\u00e9gi\u00e9e avec la Grande Mosqu\u00e9e de Paris\u00a0\u00bb et entretient \u00ab\u00a0des liens tr\u00e8s \u00e9troits\u00a0\u00bb avec \u00ab\u00a0une quinzaine\u00a0\u00bb de ses mosqu\u00e9es, affirme le texte que l\u2019AFP a pu consulter. \u00c0 propos de ce \u00ab\u00a0dialogue\u00a0\u00bb, Chems-eddine Hafiz souligne que \u00ab\u00a0ce sont les pouvoirs publics qui ont choisi de faire de l\u2019UOIF d\u2019abord, et de Musulmans de France ensuite, un acteur important de l\u2019islam en France, et de l\u2019inviter \u00e0 la table de la R\u00e9publique\u00a0\u00bb.<\/p>\n<p class=\"paragraph text_align_left\">En 2003, Nicolas Sarkozy, alors ministre de l\u2019Int\u00e9rieur, avait fait entrer l\u2019UOIF dans le Conseil fran\u00e7ais du culte musulman (CFCM) naissant, avant de se rendre \u00e0 son grand rassemblement annuel du\u00a0Bourget. En 2020, Musulmans de France avait fait partie des instances re\u00e7ues par Emmanuel Macron dans l\u2019optique d\u2019un futur <a href=\"https:\/\/www.leparisien.fr\/societe\/les-representants-de-lislam-de-france-divises-autour-de-la-creation-du-conseil-national-des-imams-14-11-2021-QGYRWT6HDJHOTJARADWNKEASNY.php\" target=\"_blank\" rel=\"noreferrer nofollow noopener\">conseil national des imams <\/a>charg\u00e9 de labelliser leur formation.<\/p>\n<p class=\"paragraph text_align_left\">\u00ab\u00a0Il est curieux de s\u2019\u00e9tonner que la Grande Mosqu\u00e9e de Paris puisse \u00eatre simplement l\u2019un des interlocuteurs de cet acteur l\u00e9gitim\u00e9 par les institutions r\u00e9publicaines depuis de longues ann\u00e9es\u00a0\u00bb, ajoute le recteur, qui \u00ab\u00a0appelle les responsables politiques \u00e0 faire preuve de coh\u00e9rence\u00a0\u00bb et met en garde contre toute \u00ab\u00a0surench\u00e8re politicienne\u00a0\u00bb dans le d\u00e9bat.<\/p>\n<p><script async src=\"https:\/\/platform.twitter.com\/widgets.js\" charset=\"utf-8\"><\/script><\/p>\n","protected":false},"excerpt":{"rendered":"Le recteur de la Grande mosqu\u00e9e de Paris, Chems-eddine Hafiz, s\u2019est inqui\u00e9t\u00e9 ce jeudi d\u2019une \u00ab\u00a0stigmatisation\u00a0\u00bb des musulmans&hellip;\n","protected":false},"author":2,"featured_media":119157,"comment_status":"","ping_status":"","sticky":false,"template":"","format":"standard","meta":{"footnotes":""},"categories":[1888],"tags":[11,1777,674,1011,27,12,626,11725,25,104],"class_list":{"0":"post-119156","1":"post","2":"type-post","3":"status-publish","4":"format-standard","5":"has-post-thumbnail","7":"category-paris","8":"tag-actualites","9":"tag-eu","10":"tag-europe","11":"tag-fr","12":"tag-france","13":"tag-news","14":"tag-paris","15":"tag-religions","16":"tag-republique-francaise","17":"tag-societe"},"share_on_mastodon":{"url":"https:\/\/pubeurope.com\/@fr\/114550930486515164","error":""},"_links":{"self":[{"href":"https:\/\/www.europesays.com\/fr\/wp-json\/wp\/v2\/posts\/119156","targetHints":{"allow":["GET"]}}],"collection":[{"href":"https:\/\/www.europesays.com\/fr\/wp-json\/wp\/v2\/posts"}],"about":[{"href":"https:\/\/www.europesays.com\/fr\/wp-json\/wp\/v2\/types\/post"}],"author":[{"embeddable":true,"href":"https:\/\/www.europesays.com\/fr\/wp-json\/wp\/v2\/users\/2"}],"replies":[{"embeddable":true,"href":"https:\/\/www.europesays.com\/fr\/wp-json\/wp\/v2\/comments?post=119156"}],"version-history":[{"count":0,"href":"https:\/\/www.europesays.com\/fr\/wp-json\/wp\/v2\/posts\/119156\/revisions"}],"wp:featuredmedia":[{"embeddable":true,"href":"https:\/\/www.europesays.com\/fr\/wp-json\/wp\/v2\/media\/119157"}],"wp:attachment":[{"href":"https:\/\/www.europesays.com\/fr\/wp-json\/wp\/v2\/media?parent=119156"}],"wp:term":[{"taxonomy":"category","embeddable":true,"href":"https:\/\/www.europesays.com\/fr\/wp-json\/wp\/v2\/categories?post=119156"},{"taxonomy":"post_tag","embeddable":true,"href":"https:\/\/www.europesays.com\/fr\/wp-json\/wp\/v2\/tags?post=119156"}],"curies":[{"name":"wp","href":"https:\/\/api.w.org\/{rel}","templated":true}]}}