{"id":119162,"date":"2025-05-22T10:09:13","date_gmt":"2025-05-22T10:09:13","guid":{"rendered":"https:\/\/www.europesays.com\/fr\/119162\/"},"modified":"2025-05-22T10:09:13","modified_gmt":"2025-05-22T10:09:13","slug":"vietnam-et-etats-unis-terminent-leur-2e-cycle-de-negociations","status":"publish","type":"post","link":"https:\/\/www.europesays.com\/fr\/119162\/","title":{"rendered":"Vietnam et \u00c9tats-Unis terminent leur 2e cycle de n\u00e9gociations"},"content":{"rendered":"<p>&#13;<br \/>\n                        Accord commercial : Vietnam et \u00c9tats-Unis terminent leur 2e cycle de n\u00e9gociations&#13;\n                    <\/p>\n<p style=\"text-align:\">Conform\u00e9ment au plan convenu, le deuxi\u00e8me cycle de n\u00e9gociations de l&rsquo;Accord bilat\u00e9ral sur le commerce r\u00e9ciproque entre le Vietnam et les \u00c9tats-Unis s\u2019est tenu du 19 au 22 mai \u00e0 Washington, a annonc\u00e9 le minist\u00e8re vietnamien de l\u2019Industrie et du Commerce.<\/p>\n<p><a href=\"https:\/\/lecourrier.vn\/vietnam-et-etats-unis-deuxiemes-negociations-visant-a-conclure-un-accord-commercial\/1283369.html\" title=\"Vietnam et \u00c9tats-Unis : deuxi\u00e8mes n\u00e9gociations visant \u00e0 conclure un accord commercial\" target=\"_blank\" rel=\"noopener\">&gt;&gt; Vietnam et \u00c9tats-Unis : deuxi\u00e8mes n\u00e9gociations visant \u00e0 conclure un accord commercial<\/a><\/p>\n<p><a href=\"https:\/\/lecourrier.vn\/cooperation-renforcee-entre-le-vietnam-et-des-geants-americains\/1283416.html\" title=\"Coop\u00e9ration renforc\u00e9e entre le Vietnam et des g\u00e9ants am\u00e9ricains\" target=\"_blank\" rel=\"noopener\">&gt;&gt; Coop\u00e9ration renforc\u00e9e entre le Vietnam et des g\u00e9ants am\u00e9ricains<\/a><\/p>\n<tr>\n<td class=\"pic\"><img decoding=\"async\" class=\"lazyload\" src=\"https:\/\/www.europesays.com\/fr\/wp-content\/uploads\/2025\/05\/161942-dam-phan-viet-nam-hoa-ky.webp.webp\" alt=\"\"\/><\/td>\n<\/tr>\n<tr>\n<td class=\"caption\">Le ministre de l&rsquo;Industrie et du Commerce, Nguy\u00ean H\u00f4ng Di\u00ean (gauche), et l\u2019ambassadeur Jamieson Greer, repr\u00e9sentant am\u00e9ricain au Commerce.\u00a0<\/td>\n<\/tr>\n<tr align=\"right\">\n<td class=\"author\">Photo : VNA\/CVN<\/td>\n<\/tr>\n<p style=\"text-align:left\">La d\u00e9l\u00e9gation vietnamienne \u00e9tait conduite par le ministre de l\u2019Industrie et du Commerce, Nguy\u00ean H\u00f4ng Di\u00ean, n\u00e9gociateur en chef du gouvernement, accompagn\u00e9 de repr\u00e9sentants de divers minist\u00e8res.<\/p>\n<p style=\"text-align:left\">Au cours de ces trois jours de n\u00e9gociations, les d\u00e9l\u00e9gations vietnamienne et am\u00e9ricaine ont abord\u00e9 l\u2019ensemble des sujets identifi\u00e9s en amont des discussions, dans un esprit de bonne volont\u00e9, de franchise, de respect mutuel des institutions, et d\u2019\u00e9quilibre des int\u00e9r\u00eats, tout en tenant compte des engagements internationaux et du niveau de d\u00e9veloppement de chaque pays.<\/p>\n<p style=\"text-align:left\"><b>Des discussions ouvertes et constructives<\/b><\/p>\n<p style=\"text-align:left\">Les deux parties ont \u00e9chang\u00e9 des informations sur leurs politiques respectives, clarifi\u00e9 le contenu du projet d\u2019accord, et discut\u00e9 d\u2019une approche globale pour r\u00e9soudre les questions fondamentales d\u2019int\u00e9r\u00eat commun. Les membres des d\u00e9l\u00e9gations ont \u00e9galement men\u00e9 des discussions ouvertes et constructives sur les principaux enjeux \u00e9conomiques et commerciaux bilat\u00e9raux.<\/p>\n<p style=\"text-align:left\">\u00c0 l\u2019issue de ce deuxi\u00e8me cycle, des progr\u00e8s positifs ont \u00e9t\u00e9 enregistr\u00e9s. Les deux parties ont identifi\u00e9 les groupes de questions sur lesquels un consensus est obtenu ou est proche, ainsi que ceux n\u00e9cessitant des discussions plus approfondies. Des d\u00e9lais ont \u00e9t\u00e9 fix\u00e9s pour la remise de commentaires sur le projet d\u2019accord, les textes propos\u00e9s, ainsi que pour la tenue de r\u00e9unions en ligne pr\u00e9paratoires aux prochaines n\u00e9gociations.<\/p>\n<tr>\n<td class=\"pic\"><img decoding=\"async\" class=\"lazyload\" src=\"https:\/\/www.europesays.com\/fr\/wp-content\/uploads\/2025\/05\/161732-vna_potal_vong_dam_phan_lan_thu_2_hiep_dinh_song_phuong_ve_thuong_mai_doi_ung_giua_viet_nam_v.jpeg\" alt=\"\"\/><\/td>\n<\/tr>\n<tr>\n<td class=\"caption\">S\u00e9ance de n\u00e9gociations entre les deux parties.\u00a0<\/td>\n<\/tr>\n<tr align=\"right\">\n<td class=\"author\">Photo : VNA\/CVN<\/td>\n<\/tr>\n<p style=\"text-align:left\">Au terme du cycle, le ministre Nguy\u00ean H\u00f4ng Di\u00ean a eu des n\u00e9gociations avec l\u2019ambassadeur Jamieson Greer, repr\u00e9sentant am\u00e9ricain au Commerce, afin de faire le point sur les r\u00e9sultats obtenus et de d\u00e9terminer les priorit\u00e9s pour le prochain cycle de n\u00e9gociations pr\u00e9vu d\u00e9but juin 2025.<\/p>\n<p style=\"text-align:left\">Jamieson Greer a salu\u00e9 la bonne volont\u00e9 et les efforts du Vietnam pour r\u00e9pondre aux pr\u00e9occupations des \u00c9tats-Unis, et a exprim\u00e9 l\u2019espoir que les \u00e9changes techniques, y compris au niveau minist\u00e9riel, se poursuivront de mani\u00e8re soutenue afin d\u2019aboutir rapidement \u00e0 des r\u00e9sultats concrets.<\/p>\n<p style=\"text-align:left\">De son c\u00f4t\u00e9, Nguy\u00ean H\u00f4ng Di\u00ean a r\u00e9affirm\u00e9 la volont\u00e9 du Vietnam de d\u00e9velopper des relations \u00e9conomiques et commerciales \u00e9quilibr\u00e9es, durables et mutuellement b\u00e9n\u00e9fiques avec les \u00c9tats-Unis.<\/p>\n<p style=\"text-align:left\">Les deux parties ont convenu de confier aux \u00e9quipes techniques la t\u00e2che de renforcer les \u00e9changes en vue de parvenir prochainement \u00e0 un accord satisfaisant pour les deux pays.<\/p>\n<p style=\"text-align:right\"><b>VNA\/CVN<\/b><\/p>\n","protected":false},"excerpt":{"rendered":"&#13; Accord commercial : Vietnam et \u00c9tats-Unis terminent leur 2e cycle de n\u00e9gociations&#13; Conform\u00e9ment au plan convenu, le&hellip;\n","protected":false},"author":2,"featured_media":119163,"comment_status":"","ping_status":"","sticky":false,"template":"","format":"standard","meta":{"footnotes":""},"categories":[1589],"tags":[24021,7608,11,73,1866,6644,12,1864,1865,1863,308,951],"class_list":{"0":"post-119162","1":"post","2":"type-post","3":"status-publish","4":"format-standard","5":"has-post-thumbnail","7":"category-etats-unis","8":"tag-2e-cycle","9":"tag-accord-commercial","10":"tag-actualites","11":"tag-etats-unis","12":"tag-etats-unis-damerique","13":"tag-negociations","14":"tag-news","15":"tag-united-states","16":"tag-united-states-of-america","17":"tag-us","18":"tag-usa","19":"tag-vietnam"},"share_on_mastodon":{"url":"https:\/\/pubeurope.com\/@fr\/114550942198960062","error":""},"_links":{"self":[{"href":"https:\/\/www.europesays.com\/fr\/wp-json\/wp\/v2\/posts\/119162","targetHints":{"allow":["GET"]}}],"collection":[{"href":"https:\/\/www.europesays.com\/fr\/wp-json\/wp\/v2\/posts"}],"about":[{"href":"https:\/\/www.europesays.com\/fr\/wp-json\/wp\/v2\/types\/post"}],"author":[{"embeddable":true,"href":"https:\/\/www.europesays.com\/fr\/wp-json\/wp\/v2\/users\/2"}],"replies":[{"embeddable":true,"href":"https:\/\/www.europesays.com\/fr\/wp-json\/wp\/v2\/comments?post=119162"}],"version-history":[{"count":0,"href":"https:\/\/www.europesays.com\/fr\/wp-json\/wp\/v2\/posts\/119162\/revisions"}],"wp:featuredmedia":[{"embeddable":true,"href":"https:\/\/www.europesays.com\/fr\/wp-json\/wp\/v2\/media\/119163"}],"wp:attachment":[{"href":"https:\/\/www.europesays.com\/fr\/wp-json\/wp\/v2\/media?parent=119162"}],"wp:term":[{"taxonomy":"category","embeddable":true,"href":"https:\/\/www.europesays.com\/fr\/wp-json\/wp\/v2\/categories?post=119162"},{"taxonomy":"post_tag","embeddable":true,"href":"https:\/\/www.europesays.com\/fr\/wp-json\/wp\/v2\/tags?post=119162"}],"curies":[{"name":"wp","href":"https:\/\/api.w.org\/{rel}","templated":true}]}}