{"id":119168,"date":"2025-05-22T10:12:10","date_gmt":"2025-05-22T10:12:10","guid":{"rendered":"https:\/\/www.europesays.com\/fr\/119168\/"},"modified":"2025-05-22T10:12:10","modified_gmt":"2025-05-22T10:12:10","slug":"paris-et-leurope-prolongent-un-fonds-de-garantie-pour-les-agriculteurs-francais","status":"publish","type":"post","link":"https:\/\/www.europesays.com\/fr\/119168\/","title":{"rendered":"Paris et l\u2019Europe prolongent un fonds de garantie pour les agriculteurs fran\u00e7ais"},"content":{"rendered":"<p>Le minist\u00e8re fran\u00e7ais de l\u2019Agriculture et le Fonds europ\u00e9en d\u2019investissement ont annonc\u00e9 mercredi la prolongation jusqu\u2019\u00e0 2028 d\u2019un fonds garantissant des emprunts r\u00e9alis\u00e9s par des agriculteurs pour des projets encourageant par exemple l\u2019installation de jeunes ou la diversification \u00e0 hauteur de 2 milliards d\u2019euros au total.<\/p>\n<p>Il s\u2019agit de la deuxi\u00e8me phase de l\u2019Inaf (Initiative nationale pour l\u2019agriculture fran\u00e7aise), un dispositif de garantie dont plus de 15\u00a0000 agriculteurs devraient b\u00e9n\u00e9ficier d\u2019ici \u00e0 2028, pr\u00e9cisent-ils dans un communiqu\u00e9 conjoint.<\/p>\n<p>La premi\u00e8re phase lanc\u00e9e en 2019 pour financer la mont\u00e9e en gamme de l\u2019agriculture fran\u00e7aise a \u00ab\u00a0connu un succ\u00e8s majeur\u00a0\u00bb\u00a0: pr\u00e8s de 8\u00a0500 pr\u00eats agricoles ont \u00e9t\u00e9 financ\u00e9s pour un total de 1 milliard d\u2019euros de cr\u00e9dits mobilis\u00e9s permettant de g\u00e9n\u00e9rer 2,7 milliards d\u2019euros d\u2019investissements agricoles sur le territoire, pr\u00e9cise le communiqu\u00e9.<\/p>\n<p>Quatre banques continueront de distribuer ces pr\u00eats\u00a0: Ark\u00e9a, Banque populaire, Cr\u00e9dit Agricole et Cr\u00e9dit Mutuel.<\/p>\n<p>\u00ab\u00a0Cette nouvelle phase de l\u2019Inaf t\u00e9moigne de notre volont\u00e9 d\u2019accompagner concr\u00e8tement les agriculteurs dans la transition de leurs mod\u00e8les, de favoriser l\u2019installation des jeunes et de renforcer notre souverainet\u00e9 agricole\u00a0\u00bb, a soulign\u00e9 la ministre de l\u2019Agriculture Annie Genevard.<\/p>\n","protected":false},"excerpt":{"rendered":"Le minist\u00e8re fran\u00e7ais de l\u2019Agriculture et le Fonds europ\u00e9en d\u2019investissement ont annonc\u00e9 mercredi la prolongation jusqu\u2019\u00e0 2028 d\u2019un&hellip;\n","protected":false},"author":2,"featured_media":119169,"comment_status":"","ping_status":"","sticky":false,"template":"","format":"standard","meta":{"footnotes":""},"categories":[1586],"tags":[11,327,5825,33,1777,674,1011,27,12,25],"class_list":{"0":"post-119168","1":"post","2":"type-post","3":"status-publish","4":"format-standard","5":"has-post-thumbnail","7":"category-europe","8":"tag-actualites","9":"tag-agriculture","10":"tag-agroalimentaire","11":"tag-economie","12":"tag-eu","13":"tag-europe","14":"tag-fr","15":"tag-france","16":"tag-news","17":"tag-republique-francaise"},"share_on_mastodon":{"url":"https:\/\/pubeurope.com\/@fr\/114550954053716193","error":""},"_links":{"self":[{"href":"https:\/\/www.europesays.com\/fr\/wp-json\/wp\/v2\/posts\/119168","targetHints":{"allow":["GET"]}}],"collection":[{"href":"https:\/\/www.europesays.com\/fr\/wp-json\/wp\/v2\/posts"}],"about":[{"href":"https:\/\/www.europesays.com\/fr\/wp-json\/wp\/v2\/types\/post"}],"author":[{"embeddable":true,"href":"https:\/\/www.europesays.com\/fr\/wp-json\/wp\/v2\/users\/2"}],"replies":[{"embeddable":true,"href":"https:\/\/www.europesays.com\/fr\/wp-json\/wp\/v2\/comments?post=119168"}],"version-history":[{"count":0,"href":"https:\/\/www.europesays.com\/fr\/wp-json\/wp\/v2\/posts\/119168\/revisions"}],"wp:featuredmedia":[{"embeddable":true,"href":"https:\/\/www.europesays.com\/fr\/wp-json\/wp\/v2\/media\/119169"}],"wp:attachment":[{"href":"https:\/\/www.europesays.com\/fr\/wp-json\/wp\/v2\/media?parent=119168"}],"wp:term":[{"taxonomy":"category","embeddable":true,"href":"https:\/\/www.europesays.com\/fr\/wp-json\/wp\/v2\/categories?post=119168"},{"taxonomy":"post_tag","embeddable":true,"href":"https:\/\/www.europesays.com\/fr\/wp-json\/wp\/v2\/tags?post=119168"}],"curies":[{"name":"wp","href":"https:\/\/api.w.org\/{rel}","templated":true}]}}