{"id":119172,"date":"2025-05-22T10:14:11","date_gmt":"2025-05-22T10:14:11","guid":{"rendered":"https:\/\/www.europesays.com\/fr\/119172\/"},"modified":"2025-05-22T10:14:11","modified_gmt":"2025-05-22T10:14:11","slug":"neil-young-prend-la-defense-de-bruce-springsteen-insulte-par-donald-trump-pour-avoir-critique-son-gouvernement-corrompu","status":"publish","type":"post","link":"https:\/\/www.europesays.com\/fr\/119172\/","title":{"rendered":"Neil Young prend la d\u00e9fense de Bruce Springsteen insult\u00e9 par Donald Trump pour avoir critiqu\u00e9 son gouvernement \u00ab\u00a0corrompu\u00a0\u00bb"},"content":{"rendered":"<p>\u00ab\u00a0Arr\u00eate de te soucier de ce que les rockeurs disent de toi et pense plut\u00f4t \u00e0 sauver les \u00c9tats-Unis du chaos que tu as foutu\u00a0\u00bb, mart\u00e8le Neil Young, en soutien \u00e0 Bruce Springsteen, dont ce dernier a r\u00e9cemment \u00e9t\u00e9 insult\u00e9 par le pr\u00e9sident des \u00c9tats-Unis, apr\u00e8s avoir critiqu\u00e9 son \u00ab\u00a0gouvernement corrompu\u00a0\u00bb.<\/p>\n<p class=\"fig-paragraph\">\u00ab\u00a0Nous n\u2019avons pas peur de toi\u00a0!\u00a0\u00bb\u00a0<a href=\"http:\/\/www.lefigaro.fr\/musique\/neil-young-reprend-la-route-en-solo-avec-coastal-notre-album-de-la-semaine-20250419\" target=\"_blank\" data-fig-type=\"Article\" rel=\"noopener\" data-gtm-custom-categorie=\"navigation\" data-gtm-custom-action=\"crossclick\" data-gtm-custom-label=\"Contextuel\" data-gtm-event=\"customEventSPE\" data-fig-domain=\"LEFIGARO\">Neil Young<\/a>\u00a0apporte son soutien \u00e0 la l\u00e9gende du rock,\u00a0<a href=\"http:\/\/www.lefigaro.fr\/culture\/en-plein-concert-bruce-springsteen-denonce-le-gouvernement-corrompu-de-trump-20250515\" target=\"_blank\" data-fig-type=\"NewsFlash\" rel=\"noopener\" data-gtm-custom-categorie=\"navigation\" data-gtm-custom-action=\"crossclick\" data-gtm-custom-label=\"Contextuel\" data-gtm-event=\"customEventSPE\" data-fig-domain=\"LEFIGARO\">Bruce Springsteen<\/a>, qui a critiqu\u00e9 la semaine derni\u00e8re lors d\u2019un concert \u00e0 Manchester, le gouvernement \u00ab\u00a0corrompu\u00a0\u00bb de\u00a0<a href=\"http:\/\/www.lefigaro.fr\/culture\/les-propos-absurdes-de-donald-trump-sur-le-genocide-blanc-inspirent-les-humoristes-sud-africains-20250521\" target=\"_blank\" data-fig-type=\"NewsFlash\" rel=\"noopener\" data-gtm-custom-categorie=\"navigation\" data-gtm-custom-action=\"crossclick\" data-gtm-custom-label=\"Contextuel\" data-gtm-event=\"customEventSPE\" data-fig-domain=\"LEFIGARO\">Donald Trump<\/a>, prise de parole lui ayant valu d\u2019\u00eatre insult\u00e9 par le pr\u00e9sident des \u00c9tats-Unis. \u00ab\u00a0Chez moi, l\u2019Am\u00e9rique que j\u2019aime, celle sur laquelle j\u2019ai \u00e9crit, ce symbole d\u2019espoir et de libert\u00e9 pendant 250 ans, est actuellement dans les mains d\u2019une administration corrompue, incomp\u00e9tente et tra\u00eetresse\u00a0\u00bb,\u00a0avait lanc\u00e9 le rockeur sur la sc\u00e8ne du Co-op Live, lors d\u2019un show tr\u00e8s politique. Avant d\u2019ajouter\u00a0: \u00ab\u00a0aux \u00c9tats-Unis, on pers\u00e9cute des gens qui exercent leur droit \u00e0 la libert\u00e9 d\u2019expression et expriment leur d\u00e9saccord\u00a0\u00bb.<\/p>\n<p class=\"fig-paragraph\">Des propos ayant provoqu\u00e9 la col\u00e8re de Donald Trump, qui a trait\u00e9 le musicien de \u00ab\u00a0connard\u00a0\u00bb. \u00ab\u00a0Je vois que Bruce Springsteen, compl\u00e8tement surcot\u00e9, est all\u00e9 dans un pays \u00e9tranger pour mal parler du pr\u00e9sident des \u00c9tats-Unis. Ce pruneau dess\u00e9ch\u00e9 (&#8230;) devrait se la fermer\u00a0\u00bb, a r\u00e9pliqu\u00e9 sur Truth Social. Dans une publication partag\u00e9e le 20 mai sur\u00a0<a href=\"https:\/\/neilyoungarchives.com\/news\/1\/article?id=TRUMP\" target=\"_blank\" rel=\"nofollow noopener\" data-gtm-custom-categorie=\"navigation\" data-gtm-custom-action=\"crossclick\" data-gtm-custom-label=\"Contextuel\" data-gtm-event=\"customEventSPE\">son site internet<\/a>, Neil Young prend la d\u00e9fense de Bruce Springsteen, \u00e9crivant que \u00ab\u00a0le pr\u00e9sident des \u00c9tats-Unis passe trop de temps \u00e0 s\u2019occuper de ce que peuvent dire les artistes au lieu de se pr\u00e9occuper des enfants qui meurent tous les jours \u00e0 Gaza\u00a0\u00bb.<\/p>\n<p>\u00ab\u00a0Nous n\u2019avons pas peur de toi\u00a0!\u00a0\u00bb<\/p>\n<p class=\"fig-paragraph\">L\u2019interpr\u00e8te de Heart Of Gold poursuit en ajoutant\u00a0: \u00ab\u00a0Arr\u00eate de te soucier de ce que les rockeurs disent de toi et pense plut\u00f4t \u00e0 sauver les \u00c9tats-Unis du chaos que tu as foutu. Tu te pr\u00e9occupes plus de ta personne que de l\u2019Am\u00e9rique, r\u00e9veille-toi Trump\u00a0!!\u00a0\u00bb Neil Young, qui n\u2019a pas sa langue dans sa poche lorsqu\u2019il s\u2019agit de parler du R\u00e9publicain, soutient \u00e9galement que \u00ab\u00a0Taylor Swift (d\u00e9mocrate ayant soutenu Kamala Harris aux pr\u00e9sidentielles am\u00e9ricaines en novembre) et Bruce ont raison \u00e0 propos de Trump\u00a0\u00bb. Le chanteur rappelle aussi\u00a0: \u00ab\u00a0nous n\u2019avons pas peur de toi\u00a0!\u00a0\u00bb<\/p>\n<p class=\"fig-paragraph\">Si Donald Trump n\u2019a pas encore r\u00e9pondu, il s\u2019est donn\u00e9 pour mission de critiquer tous les artistes d\u00e9mocrates s\u2019exprimant contre sa politique. Il y a quelques jours, le pr\u00e9sident am\u00e9ricain a annonc\u00e9 vouloir lancer une \u00ab\u00a0enqu\u00eate majeure\u00a0\u00bb sur les soutiens re\u00e7us de la part de c\u00e9l\u00e9brit\u00e9s par son ancienne rivale Kamala Harris. Ce n\u2019est pas la premi\u00e8re fois que Neil Young s\u2019attaque au gouvernement Trump. Le mois dernier, il avait qualifi\u00e9 Donald Trump de \u00ab\u00a0pire pr\u00e9sident de l\u2019histoire\u00a0\u00bb.<\/p>\n","protected":false},"excerpt":{"rendered":"\u00ab\u00a0Arr\u00eate de te soucier de ce que les rockeurs disent de toi et pense plut\u00f4t \u00e0 sauver les&hellip;\n","protected":false},"author":2,"featured_media":119173,"comment_status":"","ping_status":"","sticky":false,"template":"","format":"standard","meta":{"footnotes":""},"categories":[2],"tags":[47,11,1350,1348,23078,1345,650,251,75,1349,1346,1011,27,1351,873,24022,12,25,252,1347,1352],"class_list":{"0":"post-119172","1":"post","2":"type-post","3":"status-publish","4":"format-standard","5":"has-post-thumbnail","7":"category-actualites","8":"tag-actualite","9":"tag-actualites","10":"tag-architecture","11":"tag-arts","12":"tag-bruce-springsteen","13":"tag-cine","14":"tag-cinema","15":"tag-culture","16":"tag-donald-trump","17":"tag-expositions","18":"tag-films","19":"tag-fr","20":"tag-france","21":"tag-litterature","22":"tag-musique","23":"tag-neil-young","24":"tag-news","25":"tag-republique-francaise","26":"tag-television","27":"tag-theatre","28":"tag-urbanisme"},"share_on_mastodon":{"url":"https:\/\/pubeurope.com\/@fr\/114550961915492841","error":""},"_links":{"self":[{"href":"https:\/\/www.europesays.com\/fr\/wp-json\/wp\/v2\/posts\/119172","targetHints":{"allow":["GET"]}}],"collection":[{"href":"https:\/\/www.europesays.com\/fr\/wp-json\/wp\/v2\/posts"}],"about":[{"href":"https:\/\/www.europesays.com\/fr\/wp-json\/wp\/v2\/types\/post"}],"author":[{"embeddable":true,"href":"https:\/\/www.europesays.com\/fr\/wp-json\/wp\/v2\/users\/2"}],"replies":[{"embeddable":true,"href":"https:\/\/www.europesays.com\/fr\/wp-json\/wp\/v2\/comments?post=119172"}],"version-history":[{"count":0,"href":"https:\/\/www.europesays.com\/fr\/wp-json\/wp\/v2\/posts\/119172\/revisions"}],"wp:featuredmedia":[{"embeddable":true,"href":"https:\/\/www.europesays.com\/fr\/wp-json\/wp\/v2\/media\/119173"}],"wp:attachment":[{"href":"https:\/\/www.europesays.com\/fr\/wp-json\/wp\/v2\/media?parent=119172"}],"wp:term":[{"taxonomy":"category","embeddable":true,"href":"https:\/\/www.europesays.com\/fr\/wp-json\/wp\/v2\/categories?post=119172"},{"taxonomy":"post_tag","embeddable":true,"href":"https:\/\/www.europesays.com\/fr\/wp-json\/wp\/v2\/tags?post=119172"}],"curies":[{"name":"wp","href":"https:\/\/api.w.org\/{rel}","templated":true}]}}