{"id":119176,"date":"2025-05-22T10:16:08","date_gmt":"2025-05-22T10:16:08","guid":{"rendered":"https:\/\/www.europesays.com\/fr\/119176\/"},"modified":"2025-05-22T10:16:08","modified_gmt":"2025-05-22T10:16:08","slug":"ile-de-france-quatre-go-fasters-arretes-avec-341-kilos-de-cannabis","status":"publish","type":"post","link":"https:\/\/www.europesays.com\/fr\/119176\/","title":{"rendered":"\u00cele-de-France\u00a0: quatre \u00ab\u00a0go-fasters\u00a0\u00bb arr\u00eat\u00e9s avec 341 kilos de cannabis"},"content":{"rendered":"<p class=\"paragraph text_align_left\">Fin de partie pour ces \u00ab go-fasters \u00bb qui respectaient un temps de repos sur la route. Quatre hommes, \u00e2g\u00e9s de 23 \u00e0 30 ans, ont \u00e9t\u00e9 mis en examen pour \u00ab trafic, importation de stup\u00e9fiants et association de malfaiteurs \u00bb, le 19 mai dernier \u00e0 Versailles (Yvelines), avant d\u2019\u00eatre \u00e9crou\u00e9s.<\/p>\n<p class=\"paragraph text_align_left\">C\u2019est au mois d\u2019octobre que les enqu\u00eateurs de l\u2019office anti-stup\u00e9fiants de Versailles (l\u2019Ofast78) recueillent un renseignement anonyme sur une \u00e9quipe qui <a href=\"https:\/\/www.leparisien.fr\/faits-divers\/des-chauffeurs-parisiens-arretes-en-plein-go-fast-avec-plus-de-800-000-de-cannabis-20-01-2025-3X3LGQC545AWRFTDYFIXFNOP7M.php\" target=\"_self\" rel=\"nofollow noopener\">importe du cannabis depuis l\u2019Espagne<\/a>. Les suspects, originaires de La Verri\u00e8re (Yvelines), du XIIe arrondissement de Paris et de Montreuil (Seine-Saint-Denis), sont identifi\u00e9s et plac\u00e9s sous surveillance pendant de nombreux mois.<\/p>\n<p class=\"paragraph text_align_left\">Les fonctionnaires comprennent que le groupe s\u2019organise r\u00e9guli\u00e8rement pour monter des convois en \u00ab go-fast \u00bb. Tr\u00e8s prudents, ils changent r\u00e9guli\u00e8rement de t\u00e9l\u00e9phones portables et de v\u00e9hicules. Selon les constatations, les trafiquants partent en utilisant trois voitures. Et proc\u00e9d\u00e9 inhabituel, ils n\u2019h\u00e9sitent pas \u00e0 faire une \u00e9tape dans un logement Airbnb au cours de ce long p\u00e9riple routier, histoire de se reposer un peu.<\/p>\n<p>Pour 1,3 million d\u2019euros de marchandise<\/p>\n<p class=\"paragraph text_align_left\">Les enqu\u00eateurs de la brigade de recherche et d\u2019intervention (BRI) de Versailles, de Lyon et de Montpellier \u00e9paulent leurs coll\u00e8gues des stups pour suivre les trajets des trafiquants sur tout le parcours.<\/p>\n<p class=\"paragraph text_align_left\">Le 13 mai dernier, les investigations permettent de comprendre que l\u2019\u00e9quipe se rend en Espagne pour aller acheter de la marchandise. Deux jours plus tard, les voitures reviennent et passent la fronti\u00e8re fran\u00e7aise. \u00c0 proximit\u00e9 de Perpignan (Pyr\u00e9n\u00e9es-Orientales), ils remontent jusqu\u2019au nord de Valence (Dr\u00f4me). Dans l\u2019apr\u00e8s-midi, ils s\u2019immobilisent du c\u00f4t\u00e9 de Tournon-sur-Rh\u00f4ne (Ard\u00e8che) pour se reposer dans <a href=\"https:\/\/www.leparisien.fr\/faits-divers\/prostitution-dans-les-airbnb-si-vous-ne-faites-pas-attention-vous-avez-une-reservation-par-semaine-15-10-2024-HN4F6FMK7BAOFDY3PC4JHCOGZM.php\" target=\"_self\" rel=\"nofollow noopener\">un appartement Airbnb<\/a>. Ils passent une nuit tranquille et, au petit matin, les enqu\u00eateurs de la BRI de Versailles les surprennent alors qu\u2019ils franchissent la porte du logement.<\/p>\n<p class=\"lp-card-podcast-highlighting__title  lp-f-subtitle-05\">Affaire Fiona\u00a0: une fillette disparue\u2026 et l\u2019ombre du mensonge<\/p>\n<p class=\"lp-card-podcast-highlighting__description lp-f-ui-05\">Crime story raconte chaque semaine les grandes affaires criminelles.<\/p>\n<p><a class=\"lp-card-podcast-highlighting__call-to-action\" data-page-type=\"HP\" data-block-name=\"podcast-highlight\">\u00c9couter<\/a><\/p>\n<p class=\"paragraph text_align_left\">Dans une Mercedes qui servait de voiture porteuse, les agents mettent la main sur 160 kg d\u2019herbe de cannabis et 181 kg de r\u00e9sine de cannabis. Une quantit\u00e9 de drogue estim\u00e9e au prix de gros \u00e0 1,3 million d\u2019euros. Les quatre suspects ont \u00e9t\u00e9 plac\u00e9s en garde \u00e0 vue dans les locaux de la police judiciaire de Versailles. Au cours de leurs auditions, ils ont gard\u00e9 le silence.<\/p>\n","protected":false},"excerpt":{"rendered":"Fin de partie pour ces \u00ab go-fasters \u00bb qui respectaient un temps de repos sur la route. Quatre&hellip;\n","protected":false},"author":2,"featured_media":119177,"comment_status":"","ping_status":"","sticky":false,"template":"","format":"standard","meta":{"footnotes":""},"categories":[4],"tags":[11,459,118,1011,27,12,25],"class_list":{"0":"post-119176","1":"post","2":"type-post","3":"status-publish","4":"format-standard","5":"has-post-thumbnail","7":"category-france","8":"tag-actualites","9":"tag-departements-horsidfo","10":"tag-faits-divers","11":"tag-fr","12":"tag-france","13":"tag-news","14":"tag-republique-francaise"},"share_on_mastodon":{"url":"https:\/\/pubeurope.com\/@fr\/114550969823657284","error":""},"_links":{"self":[{"href":"https:\/\/www.europesays.com\/fr\/wp-json\/wp\/v2\/posts\/119176","targetHints":{"allow":["GET"]}}],"collection":[{"href":"https:\/\/www.europesays.com\/fr\/wp-json\/wp\/v2\/posts"}],"about":[{"href":"https:\/\/www.europesays.com\/fr\/wp-json\/wp\/v2\/types\/post"}],"author":[{"embeddable":true,"href":"https:\/\/www.europesays.com\/fr\/wp-json\/wp\/v2\/users\/2"}],"replies":[{"embeddable":true,"href":"https:\/\/www.europesays.com\/fr\/wp-json\/wp\/v2\/comments?post=119176"}],"version-history":[{"count":0,"href":"https:\/\/www.europesays.com\/fr\/wp-json\/wp\/v2\/posts\/119176\/revisions"}],"wp:featuredmedia":[{"embeddable":true,"href":"https:\/\/www.europesays.com\/fr\/wp-json\/wp\/v2\/media\/119177"}],"wp:attachment":[{"href":"https:\/\/www.europesays.com\/fr\/wp-json\/wp\/v2\/media?parent=119176"}],"wp:term":[{"taxonomy":"category","embeddable":true,"href":"https:\/\/www.europesays.com\/fr\/wp-json\/wp\/v2\/categories?post=119176"},{"taxonomy":"post_tag","embeddable":true,"href":"https:\/\/www.europesays.com\/fr\/wp-json\/wp\/v2\/tags?post=119176"}],"curies":[{"name":"wp","href":"https:\/\/api.w.org\/{rel}","templated":true}]}}