{"id":11918,"date":"2025-04-09T06:13:09","date_gmt":"2025-04-09T06:13:09","guid":{"rendered":"https:\/\/www.europesays.com\/fr\/11918\/"},"modified":"2025-04-09T06:13:09","modified_gmt":"2025-04-09T06:13:09","slug":"les-affiches-des-barrages-et-le-programme-de-la-phase-finale","status":"publish","type":"post","link":"https:\/\/www.europesays.com\/fr\/11918\/","title":{"rendered":"les affiches des barrages et le programme de la phase finale"},"content":{"rendered":"<p>            Par<br \/>\n        <strong><br \/>\n            <a href=\"https:\/\/actu.fr\/auteur\/nicolas-dendri-actu-fr\" title=\"Consulter tous les articles de Nicolas Dendri\" target=\"_blank\" rel=\"noopener\">Nicolas Dendri<\/a><br \/>\n        <\/strong><\/p>\n<p>        Publi\u00e9 le<\/p>\n<p>            7 avr. 2025 \u00e0 12h46        <\/p>\n<p>Apr\u00e8s la 18e et derni\u00e8re journ\u00e9e de la phase r\u00e9guli\u00e8re du championnat de <strong>F\u00e9d\u00e9rale 3 <\/strong>en <a href=\"https:\/\/actu.fr\/rugby\/amateurs\" target=\"_blank\" rel=\"noopener\">rugby amateur<\/a>, les \u00e9quipes des 16 poules class\u00e9es en 4e et 5e positions vont jouer un <strong>tour de barrages<\/strong>.<\/p>\n<p class=\" wall-content\">En revanche, les clubs class\u00e9s de la premi\u00e8re \u00e0 la troisi\u00e8me place sont directement qualifi\u00e9s pour les <strong>32e de finale<\/strong> qui se d\u00e9rouleront \u00e0 partir du 27 avril. Actu Rugby vous d\u00e9voile les <strong>affiches des barrages<\/strong> et le programme de la phase finale.<\/p>\n<p>F\u00e9d\u00e9rale 3 : les affiches des barrages<\/p>\n<p class=\" wall-content\">Les rencontres pour les barrages de F\u00e9d\u00e9rale 3 vont se jouer durant le week-end de P\u00e2ques les <strong>19 et 20 avril 2025<\/strong>. Cette phase se joue sur un <strong>match unique<\/strong> sur le terrain du club le mieux class\u00e9.\u00a0<\/p>\n<ul class=\" wall-content\">\n<li>Haguenau \u2013 Amiens<\/li>\n<li>Aix-les-Bains \u2013 Viriat<\/li>\n<li>Massif-Central \u2013 \u00c9pernay<\/li>\n<li>Bellegarde-Coupy \u2013 Saint-Marcel\/Isle d\u2019Abeau<\/li>\n<li>Vendres-Lespignan\/Sauvian \u2013 V\u00e9ore XV<\/li>\n<li>Pont-du-Casse \u2013 Elne\/Latour\/Theza<\/li>\n<li>Quillan\/Limoux \u2013 Castelnau-Magnoac<\/li>\n<li>Seyssins \u2013 SMUC<\/li>\n<\/ul>\n<p class=\" wall-content\">Pour ces rencontres, le vainqueur acc\u00e8de directement aux <strong>phases finales du championnat de France de F\u00e9d\u00e9rale 3<\/strong> en commen\u00e7ant par les <strong>32e de finale<\/strong>.\u00a0<\/p>\n<p>Vid\u00e9os : en ce moment sur Actu<\/p>\n<ul class=\" wall-content\">\n<li>Montlu\u00e7on \u2013 N\u00e8greplisse<\/li>\n<li>Hendaye \u2013 Laruns\u00a0<\/li>\n<li>Saint-Cernin \u2013 Gu\u00e9ret\u00a0<\/li>\n<li>Hagetmau \u2013 Bardos<\/li>\n<li>Saint-S\u00e9bastien\/Basse-Goulaine \u2013 Poitiers<\/li>\n<li>Couronne-Elbeuf \u2013 Le Mans<\/li>\n<li>Puilboreau \u2013 Trignac\u00a0<\/li>\n<li>Blois \u2013 Boulogne-Billancourt<\/li>\n<\/ul>\n<p class=\" wall-content\">\n<p>F\u00e9d\u00e9rale 3 : les possibles affiches en 32e de finale\u00a0<\/p>\n<p class=\" wall-content\">Le championnat de F\u00e9d\u00e9rale 3 va se poursuivre le week-end du <strong>26 et 27 avril<\/strong> avec les matchs aller des <strong>32e de finale<\/strong>. La phase retour se jouera le week-end du <strong>3 et 4 mai<\/strong> sur les terrains des \u00e9quipes les mieux class\u00e9es dans leur poule lors du tour principal.\u00a0<\/p>\n<ul class=\" wall-content\">\n<li><strong>Roubaix<\/strong> \u2013 LE VAINQUEUR de Haguenau \u2013 Amiens<\/li>\n<li>Strasbourg \u2013 Aulnay<\/li>\n<li><strong>Saint-Claude<\/strong> \u2013 LE VAINQUEUR de Aix-les-Bains \u2013 Viriat<\/li>\n<li>Beaurepaire \u2013 Montceau-les-Mines<\/li>\n<li><strong>Illkirch-Graffenstaden<\/strong> \u2013 LE VAINQUEUR de Massif-Central \u2013 \u00c9pernay<\/li>\n<li>Vincennes \u2013 Gretz\/Tournon\/Ozoir<\/li>\n<li><strong>Saint-Savin<\/strong> \u2013 LE VAINQUEUR de Bellegarde-Coupy \u2013 Saint-Marcel\/Isle d\u2019Abeau<\/li>\n<li>Saint-L\u00e9ger-des-Vignes \u2013 Annecy-le-Vieux<\/li>\n<li><strong>Tournon<\/strong> \u2013 LE VAINQUEUR de Vendres-Lespignan\/Sauvian \u2013 V\u00e9ore XV<\/li>\n<li>Draguignan \u2013 Mont\u00e9limar<\/li>\n<li><strong>Thuir<\/strong> \u2013 LE VAINQUEUR de Pont-du-Casse \u2013 Elne\/Latour\/Theza<\/li>\n<li>Vall\u00e9e du Lot \u2013 Cugnaux<\/li>\n<li><strong>Les Baronnies<\/strong> \u2013 LE VAINQUEUR de Quillan\/Limoux \u2013 Castelnau-Magnoac<\/li>\n<li>Rivesaltes \u2013 Bon Encontr\u00e9 Bo\u00e9\u00a0<\/li>\n<li><strong>Corbi\u00e8res<\/strong> \u2013 LE VAINQUEUR de Seyssins \u2013 SMUC<\/li>\n<li>Saint-Macellin \u2013 Saint-Saturnin-les-Avignon\u00a0<\/li>\n<\/ul>\n<p class=\" wall-content\">En cas de victoire en 32e de finale, les \u00e9quipes se qualifient pour les <strong>16e de finale<\/strong> qui se jouent sur un syst\u00e8me similaire de rencontres aller\/retour les week-end du <strong>17-18 mai<\/strong> et du <strong>24-25 mai<\/strong>. Les clubs les mieux class\u00e9s recevront le match retour de cette phase.\u00a0<\/p>\n<ul class=\" wall-content\">\n<li><strong>Rodez<\/strong> \u2013 LE VAINQUEUR de Montlu\u00e7on \u2013 N\u00e8greplisse<\/li>\n<li>Isle \u2013 La Bague\u00a0<\/li>\n<li><strong>Gan<\/strong> \u2013 LE VAINQUEUR de Hendaye \u2013 Laruns\u00a0<\/li>\n<li>Larressore \u2013 Bizanos\u00a0<\/li>\n<li><strong>Argentat<\/strong> \u2013 LE VAINQUEUR de Saint-Cernin \u2013 Gu\u00e9ret\u00a0<\/li>\n<li>Caussade \u2013 Clermont\/Aubi\u00e8re<\/li>\n<li><strong>Emak Hor<\/strong> \u2013 LE VAINQUEUR de Hagetmau \u2013 Bardos<\/li>\n<li>Riscle \u2013 Saint-Palais\u00a0<\/li>\n<li><strong>L\u00e9ognan<\/strong> \u2013 LE VAINQUEUR de Saint-S\u00e9bastien\/Basse-Goulaine \u2013 Poitiers<\/li>\n<li>Plouzan\u00e9 \u2013 Stade Bordelais\u00a0<\/li>\n<li><strong>Bagneux<\/strong> \u2013 LE VAINQUEUR de Couronne-Elbeuf \u2013 Le Mans<\/li>\n<li>Clamart \u2013 Sucy-en-Brie<\/li>\n<li><strong>Les Sables d\u2019Olonne<\/strong> \u2013 LE VAINQUEUR de Puilboreau \u2013 Trignac\u00a0<\/li>\n<li>Parthenay \u2013 Saint-Nazaire<\/li>\n<li><strong>Clichy-sous-Bois<\/strong> \u2013 LE VAINQUEUR de Blois \u2013 Boulogne-Billancourt<\/li>\n<li>Angers \u2013 Caen\u00a0<\/li>\n<\/ul>\n<p>F\u00e9d\u00e9rale 3 : le programme de la phase finale<\/p>\n<p class=\" wall-content\">Lors des 16e de finale en matchs aller\/retour, les clubs qualifi\u00e9s pour les 8e de finale vont <strong>d\u00e9crocher leur ticket<\/strong> pour acc\u00e9der en <strong>F\u00e9d\u00e9rale 2<\/strong> la saison prochaine.\u00a0<\/p>\n<p class=\" wall-content\">\u00c0 partir des 8e\u00a0de finale, qui se joueront le week-end du 31 mai et 1er\u00a0juin, les rencontres vont se d\u00e9rouler en <strong>terrain neutre<\/strong>. Les quarts de finale se d\u00e9rouleront le week-end du 14-15 juin. La semaine suivante ce seront les demi-finales avant la<strong> finale le 29 juin<\/strong> qui d\u00e9terminera le champion de France 2025 de F\u00e9d\u00e9rale 3.\u00a0<\/p>\n<p class=\" wall-content\">Suivez toute l\u2019actualit\u00e9 de vos villes et m\u00e9dias favoris en vous inscrivant \u00e0 <a href=\"https:\/\/moncompte.actu.fr\" title=\"D\u00e9couvez Mon Actu\" rel=\"nofollow noopener\" data-trk=\"{&quot;cta&quot;:{&quot;action&quot;:&quot;https:\\\/\\\/moncompte.actu.fr&quot;,&quot;category&quot;:&quot;mon compte&quot;,&quot;from&quot;:&quot;article footer&quot;,&quot;name&quot;:&quot;Mon actu&quot;,&quot;type&quot;:&quot;cta&quot;}}\" target=\"_blank\">Mon Actu<\/a>.<\/p>\n","protected":false},"excerpt":{"rendered":"Par Nicolas Dendri Publi\u00e9 le 7 avr. 2025 \u00e0 12h46 Apr\u00e8s la 18e et derni\u00e8re journ\u00e9e de la&hellip;\n","protected":false},"author":2,"featured_media":11919,"comment_status":"","ping_status":"","sticky":false,"template":"","format":"standard","meta":{"footnotes":""},"categories":[9],"tags":[5592,1011,27,479,4126,60],"class_list":{"0":"post-11918","1":"post","2":"type-post","3":"status-publish","4":"format-standard","5":"has-post-thumbnail","7":"category-sports","8":"tag-amateurs","9":"tag-fr","10":"tag-france","11":"tag-rugby","12":"tag-rugby-amateur","13":"tag-sports"},"share_on_mastodon":{"url":"https:\/\/pubeurope.com\/@fr\/114306535228871849","error":""},"_links":{"self":[{"href":"https:\/\/www.europesays.com\/fr\/wp-json\/wp\/v2\/posts\/11918","targetHints":{"allow":["GET"]}}],"collection":[{"href":"https:\/\/www.europesays.com\/fr\/wp-json\/wp\/v2\/posts"}],"about":[{"href":"https:\/\/www.europesays.com\/fr\/wp-json\/wp\/v2\/types\/post"}],"author":[{"embeddable":true,"href":"https:\/\/www.europesays.com\/fr\/wp-json\/wp\/v2\/users\/2"}],"replies":[{"embeddable":true,"href":"https:\/\/www.europesays.com\/fr\/wp-json\/wp\/v2\/comments?post=11918"}],"version-history":[{"count":0,"href":"https:\/\/www.europesays.com\/fr\/wp-json\/wp\/v2\/posts\/11918\/revisions"}],"wp:featuredmedia":[{"embeddable":true,"href":"https:\/\/www.europesays.com\/fr\/wp-json\/wp\/v2\/media\/11919"}],"wp:attachment":[{"href":"https:\/\/www.europesays.com\/fr\/wp-json\/wp\/v2\/media?parent=11918"}],"wp:term":[{"taxonomy":"category","embeddable":true,"href":"https:\/\/www.europesays.com\/fr\/wp-json\/wp\/v2\/categories?post=11918"},{"taxonomy":"post_tag","embeddable":true,"href":"https:\/\/www.europesays.com\/fr\/wp-json\/wp\/v2\/tags?post=11918"}],"curies":[{"name":"wp","href":"https:\/\/api.w.org\/{rel}","templated":true}]}}