{"id":119182,"date":"2025-05-22T10:20:12","date_gmt":"2025-05-22T10:20:12","guid":{"rendered":"https:\/\/www.europesays.com\/fr\/119182\/"},"modified":"2025-05-22T10:20:12","modified_gmt":"2025-05-22T10:20:12","slug":"atp-nadal-au-secours-dalcaraz-le-documentaire-de-netflix-le-concernant-ne-reflete-pas-sa-personnalite-ni-la-facon-dont-il-vit-sa-carriere","status":"publish","type":"post","link":"https:\/\/www.europesays.com\/fr\/119182\/","title":{"rendered":"ATP > Nadal au secours d&rsquo;Alcaraz : \u00ab\u00a0Le documentaire de Netflix le concernant ne refl\u00e8te pas sa personnalit\u00e9, ni la fa\u00e7on dont il vit sa carri\u00e8re\u00a0\u00bb"},"content":{"rendered":"<p>Dans l\u2019en\u00adtre\u00adtien accord\u00e9 \u00e0 l\u2019Equipe, Rafael Nadal qui connait bien Carlos Alcaraz a tenu \u00e0 pr\u00e9ciser les choses suite aux commen\u00adtaires li\u00e9s au docu\u00admen\u00adtaire de Netflix consacr\u00e9 au jeune cham\u00adpion espagnol.<\/p>\n<p><strong>\u00ab\u202fJe pense qu\u2019il y a ce d\u00e9bat parce que le docu\u00admen\u00adtaire sorti sur Carlos (\u00ab\u202fA mi manera\u202f\u00bb sur Netflix) a sembl\u00e9 refl\u00e9ter cela. Or, connais\u00adsant un peu Carlos, je pense que le docu\u00admen\u00adtaire ne refl\u00e8te pas sa person\u00adna\u00adlit\u00e9 ni la fa\u00e7on dont il vit sa carri\u00e8re. Il n\u2019ap\u00adpa\u00adra\u00eet pas comme un joueur de tennis, qui s\u2019en\u00adtra\u00eene, mais quel\u00adqu\u2019un qui aime faire la f\u00eate, qui a besoin de \u00e7a, qui n\u2019est pas tr\u00e8s profes\u00adsionnel. Ce n\u2019est pas vrai. Carlos est un grand profes\u00adsionnel. C\u2019est une personne qui travaille tr\u00e8s dur pour amener son tennis et son physique au plus haut niveau. Je pense que le docu\u00admen\u00adtaire a \u00e9t\u00e9 abord\u00e9 de mani\u00e8re erron\u00e9e, parce que la percep\u00adtion des gens est diff\u00e9\u00adrente de ce qu\u2019est sa vie r\u00e9elle.\u202f\u00bb<\/strong><\/p>\n<p class=\"post-published-date\" style=\"color: silver; font-size: 75%; text-align: left;\">Publi\u00e9 le jeudi 22 mai 2025 \u00e0 10:05<\/p>\n","protected":false},"excerpt":{"rendered":"Dans l\u2019en\u00adtre\u00adtien accord\u00e9 \u00e0 l\u2019Equipe, Rafael Nadal qui connait bien Carlos Alcaraz a tenu \u00e0 pr\u00e9ciser les choses&hellip;\n","protected":false},"author":2,"featured_media":64195,"comment_status":"","ping_status":"","sticky":false,"template":"","format":"standard","meta":{"footnotes":""},"categories":[1415],"tags":[1744,1011,27,1960,60,1467],"class_list":{"0":"post-119182","1":"post","2":"type-post","3":"status-publish","4":"format-standard","5":"has-post-thumbnail","7":"category-tennis","8":"tag-alcaraz","9":"tag-fr","10":"tag-france","11":"tag-nadal","12":"tag-sports","13":"tag-tennis"},"share_on_mastodon":{"url":"https:\/\/pubeurope.com\/@fr\/114550985394247073","error":""},"_links":{"self":[{"href":"https:\/\/www.europesays.com\/fr\/wp-json\/wp\/v2\/posts\/119182","targetHints":{"allow":["GET"]}}],"collection":[{"href":"https:\/\/www.europesays.com\/fr\/wp-json\/wp\/v2\/posts"}],"about":[{"href":"https:\/\/www.europesays.com\/fr\/wp-json\/wp\/v2\/types\/post"}],"author":[{"embeddable":true,"href":"https:\/\/www.europesays.com\/fr\/wp-json\/wp\/v2\/users\/2"}],"replies":[{"embeddable":true,"href":"https:\/\/www.europesays.com\/fr\/wp-json\/wp\/v2\/comments?post=119182"}],"version-history":[{"count":0,"href":"https:\/\/www.europesays.com\/fr\/wp-json\/wp\/v2\/posts\/119182\/revisions"}],"wp:featuredmedia":[{"embeddable":true,"href":"https:\/\/www.europesays.com\/fr\/wp-json\/wp\/v2\/media\/64195"}],"wp:attachment":[{"href":"https:\/\/www.europesays.com\/fr\/wp-json\/wp\/v2\/media?parent=119182"}],"wp:term":[{"taxonomy":"category","embeddable":true,"href":"https:\/\/www.europesays.com\/fr\/wp-json\/wp\/v2\/categories?post=119182"},{"taxonomy":"post_tag","embeddable":true,"href":"https:\/\/www.europesays.com\/fr\/wp-json\/wp\/v2\/tags?post=119182"}],"curies":[{"name":"wp","href":"https:\/\/api.w.org\/{rel}","templated":true}]}}