{"id":119183,"date":"2025-05-22T10:22:09","date_gmt":"2025-05-22T10:22:09","guid":{"rendered":"https:\/\/www.europesays.com\/fr\/119183\/"},"modified":"2025-05-22T10:22:09","modified_gmt":"2025-05-22T10:22:09","slug":"le-contrat-de-jorge-martin-doit-etre-respecte","status":"publish","type":"post","link":"https:\/\/www.europesays.com\/fr\/119183\/","title":{"rendered":"Le contrat de Jorge Mart\u00edn doit \u00eatre respect\u00e9"},"content":{"rendered":"<p>\u00c0 la veille du GP de Grande-Bretagne, Aprilia a diffus\u00e9 un communiqu\u00e9 de presse afin d&rsquo;apporter un commentaire officiel \u00e0 l&rsquo;affaire qui secoue le paddock depuis la semaine derni\u00e8re\u00a0:\u00a0<a href=\"https:\/\/fr.motorsport.com\/motogp\/news\/martin-rupture-contrat-aprilia-poursuites-judiciaires\/10722029\/\" target=\"_self\" rel=\"noopener nofollow\">la r\u00e9v\u00e9lation du souhait de Jorge Mart\u00edn d&rsquo;obtenir la rupture anticip\u00e9e de son contrat<\/a>.<\/p>\n<p>Dans un texte adress\u00e9 aux m\u00e9dias, le constructeur de Noale rappelle d&rsquo;abord l&rsquo;\u00e9ch\u00e9ance du contrat, fix\u00e9e \u00e0 la fin de l&rsquo;ann\u00e9e prochaine, et insiste sur la validit\u00e9 de l&rsquo;accord tel qu&rsquo;il a \u00e9t\u00e9 convenu avec le pilote l&rsquo;an dernier. Par ces mots, le constructeur affirme sa position, selon laquelle l&rsquo;absence actuelle du champion du monde rend nulle et non avenue la clause qu&rsquo;il souhaiterait faire valoir pour \u00eatre lib\u00e9r\u00e9.<\/p>\n<p>\u00ab\u00a0Le contrat entre Aprilia Racing et <a href=\"https:\/\/fr.motorsport.com\/driver\/jorge-martin\/109391\/\" rel=\"nofollow noopener\" target=\"_blank\">Jorge Mart\u00edn<\/a> est valable et effectif, et il doit en tant que tel \u00eatre respect\u00e9 jusqu&rsquo;\u00e0 son \u00e9ch\u00e9ance (fin 2026) de la part des deux parties, comme l&rsquo;a d&rsquo;ailleurs fait Aprilia Racing qui l&rsquo;a honor\u00e9 en tout point, dans les d\u00e9lais et de la mani\u00e8re pr\u00e9vus, ce qui sera \u00e9galement le cas \u00e0 l&rsquo;avenir\u00a0\u00bb, est-il \u00e9crit.<\/p>\n<p>Il y a quelques jours, <strong>Motorsport.com<\/strong> r\u00e9v\u00e9lait que Jorge Mart\u00edn s&rsquo;\u00e9tait rendu en France en marge du Grand Prix organis\u00e9 au Mans, et ce dans le but de s&rsquo;entretenir avec la direction d&rsquo;Aprilia pour faire valoir son intention de se lib\u00e9rer de son contrat en mettant en avant une clause de r\u00e9sultats qui, en l&rsquo;\u00e9tat actuel de son classement, l&rsquo;autoriserait \u00e0 signer avec la concurrence.<\/p>\n<p>Lire aussi :<\/p>\n<p>Si ni le pilote, ni le constructeur n&rsquo;ont publiquement comment\u00e9 les d\u00e9tails de cette affaire, Aprilia nie aujourd&rsquo;hui toute n\u00e9gociation avec Jorge Mart\u00edn, avec des mots minutieusement choisis. Mais la marque prend aussi le temps de lancer un avertissement \u00e0 la concurrence.<\/p>\n<p>\u00ab\u00a0Aprilia Racing d\u00e9ment l&rsquo;existence de n\u00e9gociations entre les parties pour modifier la dur\u00e9e du contrat, qui reste telle qu&rsquo;initialement convenue, et ne commente pas les questions qui ne la concernent pas directement, mais s&rsquo;attend \u00e0 ce que les autres \u00e9quipes ne fassent d&rsquo;offres d&rsquo;aucune sorte \u00e0 des pilotes qui sont sous contrat\u00a0:\u00a0un tel comportement serait du reste ill\u00e9gitime.\u00a0\u00bb<\/p>\n<p>On peut lire entre les lignes un message directement adress\u00e9 \u00e0 Honda, suppos\u00e9e \u00eatre la destination de l&rsquo;Espagnol s&rsquo;il parvenait \u00e0 se lib\u00e9rer de son contrat. Cela fait suite \u00e0 la rencontre dans le paddock du Mans entre Massimo Rivola, PDG d&rsquo;Aprilia Racing, et de Hikaru Tsukamoto, directeur du g\u00e9n\u00e9ral du HRC, dont <strong>Motorsport.com<\/strong> se faisait \u00e9cho ces derniers jours.<\/p>\n<p>L&rsquo;\u00e9quipe italienne termine son communiqu\u00e9 par un message de soutien \u00e0 son pilote, actuellement convalescent\u00a0:\u00a0\u00ab\u00a0Toute l&rsquo;\u00e9quipe soutiendra Jorge dans son parcours de r\u00e9cup\u00e9ration physique, comme elle l&rsquo;a toujours fait, et elle est impatiente qu&rsquo;il fasse son retour en piste avec la RS-GP.\u00a0\u00bb\u00a0Il est par ailleurs pr\u00e9cis\u00e9 qu&rsquo;aucun responsable Aprilia ne fera de commentaires additionnels pendant le week-end de Silverstone.<\/p>\n<p>De son c\u00f4t\u00e9, Jorge Mart\u00edn ne s&rsquo;est exprim\u00e9 que de mani\u00e8re succincte et myst\u00e9rieuse depuis Le Mans, par le biais d&rsquo;un post sur les r\u00e9seaux sociaux publi\u00e9 avant-hier et disant \u00ab\u00a0Ce comeback est personnel\u00a0\u00bb, avec pour l\u00e9gende additionnelle\u00a0:\u00a0\u00ab\u00a0Jour 1\u00a0\u00bb. Son manager, Albert Valera, a quant \u00e0 lui d\u00e9clar\u00e9 \u00e0 <strong>Motorsport.com<\/strong> comprendre \u00ab\u00a0que la situation actuelle n&rsquo;est pas simple pour Aprilia\u00a0\u00bb tout en d\u00e9fendant son r\u00f4le qui vise \u00e0 \u00ab\u00a0cr\u00e9er le meilleur sc\u00e9nario possible pour [ses] pilotes\u00a0\u00bb.<\/p>\n<p>Lire aussi :<\/p>\n<p>\u00a0            <\/p>\n<p>Dans cet article<\/p>\n<p>    L\u00e9na Buffa\n<\/p>\n<p>    MotoGP\n<\/p>\n<p>    Jorge Mart\u00edn\n<\/p>\n<p>    Aprilia Racing Team\n<\/p>\n<p>Soyez le premier inform\u00e9 et souscrivez aux alertes mails pour recevoir les infos en temps r\u00e9el<\/p>\n<p>    S&rsquo;abonner aux alertes de news<\/p>\n","protected":false},"excerpt":{"rendered":"\u00c0 la veille du GP de Grande-Bretagne, Aprilia a diffus\u00e9 un communiqu\u00e9 de presse afin d&rsquo;apporter un commentaire&hellip;\n","protected":false},"author":2,"featured_media":119184,"comment_status":"","ping_status":"","sticky":false,"template":"","format":"standard","meta":{"footnotes":""},"categories":[1413],"tags":[3563,1011,27,3564,1457,1456,1458,60],"class_list":{"0":"post-119183","1":"post","2":"type-post","3":"status-publish","4":"format-standard","5":"has-post-thumbnail","7":"category-moto","8":"tag-aprilia-racing-team","9":"tag-fr","10":"tag-france","11":"tag-jorge-martu00edn","12":"tag-moto","13":"tag-motocycle","14":"tag-motogp","15":"tag-sports"},"share_on_mastodon":{"url":"https:\/\/pubeurope.com\/@fr\/114550993484642328","error":""},"_links":{"self":[{"href":"https:\/\/www.europesays.com\/fr\/wp-json\/wp\/v2\/posts\/119183","targetHints":{"allow":["GET"]}}],"collection":[{"href":"https:\/\/www.europesays.com\/fr\/wp-json\/wp\/v2\/posts"}],"about":[{"href":"https:\/\/www.europesays.com\/fr\/wp-json\/wp\/v2\/types\/post"}],"author":[{"embeddable":true,"href":"https:\/\/www.europesays.com\/fr\/wp-json\/wp\/v2\/users\/2"}],"replies":[{"embeddable":true,"href":"https:\/\/www.europesays.com\/fr\/wp-json\/wp\/v2\/comments?post=119183"}],"version-history":[{"count":0,"href":"https:\/\/www.europesays.com\/fr\/wp-json\/wp\/v2\/posts\/119183\/revisions"}],"wp:featuredmedia":[{"embeddable":true,"href":"https:\/\/www.europesays.com\/fr\/wp-json\/wp\/v2\/media\/119184"}],"wp:attachment":[{"href":"https:\/\/www.europesays.com\/fr\/wp-json\/wp\/v2\/media?parent=119183"}],"wp:term":[{"taxonomy":"category","embeddable":true,"href":"https:\/\/www.europesays.com\/fr\/wp-json\/wp\/v2\/categories?post=119183"},{"taxonomy":"post_tag","embeddable":true,"href":"https:\/\/www.europesays.com\/fr\/wp-json\/wp\/v2\/tags?post=119183"}],"curies":[{"name":"wp","href":"https:\/\/api.w.org\/{rel}","templated":true}]}}