{"id":119197,"date":"2025-05-22T10:29:09","date_gmt":"2025-05-22T10:29:09","guid":{"rendered":"https:\/\/www.europesays.com\/fr\/119197\/"},"modified":"2025-05-22T10:29:09","modified_gmt":"2025-05-22T10:29:09","slug":"cyril-hanouna-senflamme-contre-michel-cymes","status":"publish","type":"post","link":"https:\/\/www.europesays.com\/fr\/119197\/","title":{"rendered":"Cyril Hanouna s\u2019enflamme contre Michel Cymes"},"content":{"rendered":"<p><strong>VID\u00c9O &#8211;<\/strong> Mercredi, l\u2019animateur d\u2019Europe 1 a r\u00e9agi, \u00e0 sa mani\u00e8re, aux plaintes pour \u00abinjures et diffamation\u00bb d\u00e9pos\u00e9es par le m\u00e9decin m\u00e9diatique contre lui.<\/p>\n<p class=\"fig-paragraph\">De quoi conforter <strong>Michel Cymes<\/strong> dans sa d\u00e9marche\u00a0? Le m\u00e9decin m\u00e9diatique, qui a annonc\u00e9 r\u00e9cemment avoir\u00a0<a href=\"http:\/\/tvmag.lefigaro.fr\/programme-tv\/people\/michel-cymes-depose-deux-plaintes-pour-injures-et-diffamation-contre-cyril-hanouna-20250521\" target=\"_blank\" data-fig-type=\"Article\" rel=\"noopener\" data-gtm-custom-categorie=\"navigation\" data-gtm-custom-action=\"crossclick\" data-gtm-custom-label=\"Contextuel\" data-gtm-event=\"customEventSPE\" data-fig-domain=\"TVMAG\">d\u00e9pos\u00e9 deux plaintes pour \u00abinjures et diffamation\u00bb<\/a>\u00a0contre Cyril Hanouna, a fait l\u2019objet de multiples critiques de la part du m\u00eame animateur, mercredi, sur Europe 1.<\/p>\n<p class=\"fig-paragraph\">\u00ab\u00a0Est-ce que vous croyez vraiment que la police et les juges n\u2019ont que \u00e7a \u00e0 faire, de s\u2019occuper d\u2019histoires qui n\u2019iront pas bien loin\u00a0? J\u2019ai dit qu\u2019il n\u2019\u00e9tait pas la chips la plus croustillante du paquet. Il a appel\u00e9 Vicos, il a appel\u00e9 Lays\u00a0\u00bb, ironise\u00a0<a href=\"http:\/\/tvmag.lefigaro.fr\/programme-tv\/actu-tele\/les-limites-claires-a-ne-pas-franchir-imposees-par-m6-a-cyril-hanouna-avant-son-arrivee-20250516\" target=\"_blank\" data-fig-type=\"Article\" rel=\"noopener\" data-gtm-custom-categorie=\"navigation\" data-gtm-custom-action=\"crossclick\" data-gtm-custom-label=\"Contextuel\" data-gtm-event=\"customEventSPE\" data-fig-domain=\"TVMAG\"><strong>Cyril Hanouna<\/strong><\/a> \u00a0dans \u00abOn marche sur la t\u00eate\u00bb, citant des marques de chips connues.<\/p>\n<p class=\"fig-body-link\">\n            \u00c0 lire aussi<br \/>\n        <a class=\"fig-body-link__link\" href=\"http:\/\/tvmag.lefigaro.fr\/programme-tv\/people\/michel-cymes-depose-deux-plaintes-pour-injures-et-diffamation-contre-cyril-hanouna-20250521\" target=\"_blank\" data-fig-type=\"Article\" rel=\"noopener\" data-gtm-custom-categorie=\"navigation\" data-gtm-custom-action=\"crossclick\" data-gtm-custom-label=\"Contextuel\" data-gtm-event=\"customEventSPE\" data-fig-domain=\"TVMAG\">Michel Cymes d\u00e9pose deux plaintes pour \u00abinjures et diffamation\u00bb contre Cyril Hanouna<br \/>\n    <\/a>\n<\/p>\n<p class=\"fig-paragraph\">Dans l\u2019\u00e9mission \u00abTouche pas \u00e0 mon poste\u00bb, disparue\u00a0<a href=\"http:\/\/tvmag.lefigaro.fr\/programme-tv\/actu-tele\/c-est-une-honte-franz-olivier-giesbert-accuse-emmanuel-macron-d-etre-responsable-de-l-arret-de-c8-20250224\" target=\"_blank\" data-fig-type=\"Article\" rel=\"noopener\" data-gtm-custom-categorie=\"navigation\" data-gtm-custom-action=\"crossclick\" data-gtm-custom-label=\"Contextuel\" data-gtm-event=\"customEventSPE\" data-fig-domain=\"TVMAG\">en m\u00eame temps que la cha\u00eene C8<\/a>, Cyril Hanouna avait effectivement consid\u00e9r\u00e9 que Michel Cymes ne constituait pas \u00ab\u00a0la chips la plus croustillante du paquet\u00a0\u00bb. Il avait pris soin d\u2019ajouter qu\u2019il \u00e9tait \u00ab\u00a0con comme une pendule (sic)\u00a0\u00bb. Toujours sur C8, l\u2019animateur l\u2019avait \u00e9galement qualifi\u00e9 de \u00ab\u00a0v\u00e9ritable abruti\u00a0\u00bb.<\/p>\n<p>\u00abLes insultes sont interdites\u00bb<\/p>\n<p class=\"fig-paragraph\">\u00ab\u00a0Qu\u2019il en profite pour travailler un peu, le pauvre Michel, embraie Hanouna sur Europe 1. \u00c7a fait huit ans qu\u2019il n\u2019a pas vu un patient, qu\u2019il retravaille un peu le Covid, qu\u2019il nous pr\u00e9sentait comme une grippette (&#8230;) Il fatigue tout le monde, il est insupportable. Comme il n\u2019a plus rien, parce que personne n\u2019en veut&#8230; Sa seule actualit\u00e9 c\u2019est qu\u2019il a port\u00e9 plainte contre moi.\u00a0\u00bb<\/p>\n<p class=\"fig-body-link\">\n            \u00c0 lire aussi<br \/>\n        <a class=\"fig-body-link__link\" href=\"http:\/\/tvmag.lefigaro.fr\/programme-tv\/actu-tele\/les-limites-claires-a-ne-pas-franchir-imposees-par-m6-a-cyril-hanouna-avant-son-arrivee-20250516\" target=\"_blank\" data-fig-type=\"Article\" rel=\"noopener\" data-gtm-custom-categorie=\"navigation\" data-gtm-custom-action=\"crossclick\" data-gtm-custom-label=\"Contextuel\" data-gtm-event=\"customEventSPE\" data-fig-domain=\"TVMAG\">Les \u00ablimites claires \u00e0 ne pas franchir\u00bb impos\u00e9es par M6 \u00e0 Cyril Hanouna avant son arriv\u00e9e<br \/>\n    <\/a>\n<\/p>\n<p class=\"fig-paragraph\">Selon nos confr\u00e8res du Parisien \/ Aujourd\u2019hui en France,\u00a0<a href=\"http:\/\/tvmag.lefigaro.fr\/programme-tv\/people\/michel-cymes-depose-deux-plaintes-pour-injures-et-diffamation-contre-cyril-hanouna-20250521\" target=\"_blank\" data-fig-type=\"Article\" rel=\"noopener\" data-gtm-custom-categorie=\"navigation\" data-gtm-custom-action=\"crossclick\" data-gtm-custom-label=\"Contextuel\" data-gtm-event=\"customEventSPE\" data-fig-domain=\"TVMAG\">deux plaintes ont \u00e9t\u00e9 d\u00e9pos\u00e9es<\/a>\u00a0le 16 mai \u00e0 Paris par Michel Cymes, longtemps pr\u00e9sentateur du \u00abMagazine de la Sant\u00e9\u00bb. La premi\u00e8re pour \u00ab injures\u00a0\u00bb. La deuxi\u00e8me pour \u00ab injures et diffamation\u00a0\u00bb contre Cyril Hanouna et l\u2019ex-chroniqueur de C8 Jean-Michel Maire.<\/p>\n<p class=\"fig-paragraph\">\u00ab\u00a0J\u2019estime qu\u2019on est dans un \u00c9tat de droit et que les insultes sont interdites, encore plus quand elles sont en public comme \u00e7a. Et donc, je fais ce que d\u2019autres n\u2019ont pas fait avant moi, je porte plainte\u00a0\u00bb, avait d\u00e9clar\u00e9 \u00e0 Puremedias l\u2019ancien animateur de France 5, \u00e9galement\u00a0<a href=\"http:\/\/tvmag.lefigaro.fr\/programme-tv\/actu-tele\/stephane-bern-jean-luc-reichmann-jean-pierre-foucault-notre-carnet-de-notes-des-animacteurs-20241012\" target=\"_blank\" data-fig-type=\"Article\" rel=\"noopener\" data-gtm-custom-categorie=\"navigation\" data-gtm-custom-action=\"crossclick\" data-gtm-custom-label=\"Contextuel\" data-gtm-event=\"customEventSPE\" data-fig-domain=\"TVMAG\">acteur \u00e0 la t\u00e9l\u00e9vision.<\/a><\/p>\n","protected":false},"excerpt":{"rendered":"VID\u00c9O &#8211; Mercredi, l\u2019animateur d\u2019Europe 1 a r\u00e9agi, \u00e0 sa mani\u00e8re, aux plaintes pour \u00abinjures et diffamation\u00bb d\u00e9pos\u00e9es&hellip;\n","protected":false},"author":2,"featured_media":119198,"comment_status":"","ping_status":"","sticky":false,"template":"","format":"standard","meta":{"footnotes":""},"categories":[1356],"tags":[497,496,499,1083,58,59,1011,27,500,11712,504,505,495,503,502,501,252,1364,498],"class_list":{"0":"post-119197","1":"post","2":"type-post","3":"status-publish","4":"format-standard","5":"has-post-thumbnail","7":"category-television","8":"tag-actu-tv","9":"tag-actualite-tv","10":"tag-buzz-tv","11":"tag-cyril-hanouna","12":"tag-divertissement","13":"tag-entertainment","14":"tag-fr","15":"tag-france","16":"tag-medias","17":"tag-michel-cymes","18":"tag-news-tele","19":"tag-news-television","20":"tag-news-tv","21":"tag-programme-tele","22":"tag-programme-tv","23":"tag-quiz-tv","24":"tag-television","25":"tag-tv","26":"tag-tv-actu"},"share_on_mastodon":{"url":"https:\/\/pubeurope.com\/@fr\/114551020862583813","error":""},"_links":{"self":[{"href":"https:\/\/www.europesays.com\/fr\/wp-json\/wp\/v2\/posts\/119197","targetHints":{"allow":["GET"]}}],"collection":[{"href":"https:\/\/www.europesays.com\/fr\/wp-json\/wp\/v2\/posts"}],"about":[{"href":"https:\/\/www.europesays.com\/fr\/wp-json\/wp\/v2\/types\/post"}],"author":[{"embeddable":true,"href":"https:\/\/www.europesays.com\/fr\/wp-json\/wp\/v2\/users\/2"}],"replies":[{"embeddable":true,"href":"https:\/\/www.europesays.com\/fr\/wp-json\/wp\/v2\/comments?post=119197"}],"version-history":[{"count":0,"href":"https:\/\/www.europesays.com\/fr\/wp-json\/wp\/v2\/posts\/119197\/revisions"}],"wp:featuredmedia":[{"embeddable":true,"href":"https:\/\/www.europesays.com\/fr\/wp-json\/wp\/v2\/media\/119198"}],"wp:attachment":[{"href":"https:\/\/www.europesays.com\/fr\/wp-json\/wp\/v2\/media?parent=119197"}],"wp:term":[{"taxonomy":"category","embeddable":true,"href":"https:\/\/www.europesays.com\/fr\/wp-json\/wp\/v2\/categories?post=119197"},{"taxonomy":"post_tag","embeddable":true,"href":"https:\/\/www.europesays.com\/fr\/wp-json\/wp\/v2\/tags?post=119197"}],"curies":[{"name":"wp","href":"https:\/\/api.w.org\/{rel}","templated":true}]}}