{"id":119218,"date":"2025-05-22T10:40:13","date_gmt":"2025-05-22T10:40:13","guid":{"rendered":"https:\/\/www.europesays.com\/fr\/119218\/"},"modified":"2025-05-22T10:40:13","modified_gmt":"2025-05-22T10:40:13","slug":"jai-vieilli-mais-ca-va","status":"publish","type":"post","link":"https:\/\/www.europesays.com\/fr\/119218\/","title":{"rendered":"\u00ab\u00a0J\u2019ai vieilli mais \u00e7a va\u00a0!\u00a0\u00bb"},"content":{"rendered":"<p>\u00ab\u00a0Je vous connais, \u00e7a fait 30 ans que je fais ce m\u00e9tier\u00a0\u00bb, a d\u2019embl\u00e9e l\u00e2ch\u00e9 Gad Elmaleh, ce mercredi soir, sur la sc\u00e8ne du Z\u00e9nith de Saint-\u00c9tienne. Une salle noire de monde qui affichait sold-out pour cette escale de l\u2019humoriste avec son dernier spectacle Lui-m\u00eame.<\/p>\n<p>Un habitu\u00e9 de Saint-\u00c9tienne puisqu\u2019il avait choisi cette m\u00eame sc\u00e8ne pour la captation de son spectacle Sans tambour. Cette fois-ci, il revient plus sobrement, sans artifice. La sc\u00e8ne est d\u00e9limit\u00e9e par des ampoules au sol\u00a0; un simple pied de micro et un tabouret haut servent de d\u00e9cor.<\/p>\n<p>  La sant\u00e9 mentale en fil rouge<\/p>\n<p>Pendant pr\u00e8s d\u2019une heure trente, l\u2019artiste \u00e9voque ses pr\u00e9occupations du moment, la religion et sa rencontre avec le Pape, mais aussi son \u00e2ge. \u00ab\u00a0L\u00e0, \u00e7a fait 20 secondes que les gens ont bloqu\u00e9 sur mes cheveux, alors je pr\u00e9f\u00e8re vous le dire avant les rumeurs et la presse\u00a0: j\u2019ai vieilli mais \u00e7a va\u00a0!\u00a0\u00bb<\/p>\n<p>Il assume. Il parle aussi argent, \u00ab\u00a0un sujet tabou en France\u00a0\u00bb, avec ses p\u00e9rip\u00e9ties dans les commerces du sud-ouest. Il fait de la sant\u00e9 mentale un fil rouge bien trouv\u00e9 et \u00e9voque m\u00eame ses nouvelles rencontres amoureuses. Il en profite pour faire un pied de nez <a href=\"https:\/\/www.leprogres.fr\/france-monde\/2019\/09\/25\/face-aux-accusations-de-plagiat-gad-elmaleh-prend-la-parole\" target=\"_blank\" rel=\"nofollow noopener\">aux accusations de plagiat de ces derni\u00e8res ann\u00e9es.<\/a><\/p>\n<p>  Un ma\u00eetre de l\u2019improvisation<\/p>\n<p>Mais l\u00e0 o\u00f9 il excelle le plus, c\u2019est dans l\u2019improvisation. <a href=\"https:\/\/www.leprogres.fr\/culture-loisirs\/2022\/01\/29\/apres-avoir-chambre-montbrison-gad-elmaleh-revient-au-zenith\" target=\"_blank\" rel=\"nofollow noopener\">On se souvient de celle sur Montbrison immortalis\u00e9e dans son DVD.<\/a> Eh bien\u2026 il a remis le couvert\u00a0! En demandant \u00e0 des couples du public leurs lieux de rencontre, il est tomb\u00e9 sur des amoureux qui se sont crois\u00e9s pour la premi\u00e8re fois en discoth\u00e8que\u00a0: \u00ab\u00a0Ne me dites pas que c\u2019est \u00e0 Montbrison, \u00e7a ferait rire tout le monde\u00a0\u00bb, s\u2019est exclam\u00e9 l\u2019humoriste. \u00ab\u00a0Craintilleux\u00a0\u00bb r\u00e9torque le couple. Un nom de ville qui a beaucoup amus\u00e9 Gad Elmaleh, pensant m\u00eame que les spectateurs lui faisaient une blague.<\/p>\n<p>Dans les trav\u00e9es, on rit de bon c\u0153ur, sans temps mort, comme G\u00e9raldine et sa maman Simone. \u00ab\u00a0On \u00e9tait d\u00e9j\u00e0 l\u00e0 pour le pr\u00e9c\u00e9dent, on ne se lasse pas.\u00a0\u00bb<\/p>\n<p>Nostalgique du temps qui passe, \u00ab\u00a0ici \u00e0 Saint-\u00c9tienne, on fabrique le hier de demain\u00a0\u00bb, l\u2019humoriste semble d\u00e9sormais avoir trouv\u00e9 une paix int\u00e9rieure.<\/p>\n","protected":false},"excerpt":{"rendered":"\u00ab\u00a0Je vous connais, \u00e7a fait 30 ans que je fais ce m\u00e9tier\u00a0\u00bb, a d\u2019embl\u00e9e l\u00e2ch\u00e9 Gad Elmaleh, ce&hellip;\n","protected":false},"author":2,"featured_media":119219,"comment_status":"","ping_status":"","sticky":false,"template":"","format":"standard","meta":{"footnotes":""},"categories":[9653],"tags":[1111,11,2430,1687,7539,1777,674,107,1011,27,3367,12,25,4001,7538,3140],"class_list":{"0":"post-119218","1":"post","2":"type-post","3":"status-publish","4":"format-standard","5":"has-post-thumbnail","7":"category-saint-etienne","8":"tag-actu","9":"tag-actualites","10":"tag-auvergne-rhone-alpes","11":"tag-culture-loisirs","12":"tag-edition-loire-sud","13":"tag-eu","14":"tag-europe","15":"tag-fil-info","16":"tag-fr","17":"tag-france","18":"tag-loire","19":"tag-news","20":"tag-republique-francaise","21":"tag-saint-etienne","22":"tag-saint-etienne-ville","23":"tag-spectacle"},"share_on_mastodon":{"url":"https:\/\/pubeurope.com\/@fr\/114551064071377066","error":""},"_links":{"self":[{"href":"https:\/\/www.europesays.com\/fr\/wp-json\/wp\/v2\/posts\/119218","targetHints":{"allow":["GET"]}}],"collection":[{"href":"https:\/\/www.europesays.com\/fr\/wp-json\/wp\/v2\/posts"}],"about":[{"href":"https:\/\/www.europesays.com\/fr\/wp-json\/wp\/v2\/types\/post"}],"author":[{"embeddable":true,"href":"https:\/\/www.europesays.com\/fr\/wp-json\/wp\/v2\/users\/2"}],"replies":[{"embeddable":true,"href":"https:\/\/www.europesays.com\/fr\/wp-json\/wp\/v2\/comments?post=119218"}],"version-history":[{"count":0,"href":"https:\/\/www.europesays.com\/fr\/wp-json\/wp\/v2\/posts\/119218\/revisions"}],"wp:featuredmedia":[{"embeddable":true,"href":"https:\/\/www.europesays.com\/fr\/wp-json\/wp\/v2\/media\/119219"}],"wp:attachment":[{"href":"https:\/\/www.europesays.com\/fr\/wp-json\/wp\/v2\/media?parent=119218"}],"wp:term":[{"taxonomy":"category","embeddable":true,"href":"https:\/\/www.europesays.com\/fr\/wp-json\/wp\/v2\/categories?post=119218"},{"taxonomy":"post_tag","embeddable":true,"href":"https:\/\/www.europesays.com\/fr\/wp-json\/wp\/v2\/tags?post=119218"}],"curies":[{"name":"wp","href":"https:\/\/api.w.org\/{rel}","templated":true}]}}