{"id":119226,"date":"2025-05-22T10:44:08","date_gmt":"2025-05-22T10:44:08","guid":{"rendered":"https:\/\/www.europesays.com\/fr\/119226\/"},"modified":"2025-05-22T10:44:08","modified_gmt":"2025-05-22T10:44:08","slug":"affaire-de-succession-a-toulon-il-tente-degorger-son-frere-et-est-interpelle","status":"publish","type":"post","link":"https:\/\/www.europesays.com\/fr\/119226\/","title":{"rendered":"Affaire de succession \u00e0 Toulon : il tente d\u2019\u00e9gorger son fr\u00e8re et est interpell\u00e9"},"content":{"rendered":"<p class=\"paragraph text_align_left\">Un diff\u00e9rend li\u00e9 \u00e0 une affaire de succession a fr\u00f4l\u00e9 le drame \u00e0 Toulon (Var). Selon nos informations, un homme a gravement poignard\u00e9 son fr\u00e8re \u00e0 la gorge, dans la nuit de mercredi \u00e0 jeudi. L\u2019agresseur a \u00e9t\u00e9 plac\u00e9 en garde \u00e0 vue et sa victime a fr\u00f4l\u00e9 la mort, nous confirme le procureur de la R\u00e9publique de Toulon, Samuel Finielz. <\/p>\n<p class=\"paragraph text_align_left\">Selon nos informations, le suspect, connu des forces de l\u2019ordre pour ivresse et consommation de drogue, a tent\u00e9 d\u2019\u00e9gorger son fr\u00e8re. Puis il a pris la fuite. Par chance, l\u2019art\u00e8re de sa victime n\u2019a pas \u00e9t\u00e9 touch\u00e9e. Dans un \u00e9tat grave, elle n\u2019est pas d\u00e9c\u00e9d\u00e9e.<\/p>\n<p class=\"paragraph text_align_left\">Son agresseur a \u00e9t\u00e9 interpell\u00e9 quelques temps plus tard par un \u00e9quipage de police. Voil\u00e0 deux mois, il avait fait l\u2019objet d\u2019une plainte pour menace de mort.<\/p>\n<p class=\"paragraph text_align_left\">Il y a quelques jours, le m\u00eame homme avait d\u00e9j\u00e0 menac\u00e9 un jeune homme au couteau. Ce dernier avait d\u00e9pos\u00e9 plainte, mais le suspect n\u2019avait pas \u00e9t\u00e9 interpell\u00e9, selon nos informations. Des informations que le parquet de Toulon n\u2019a pas encore pu nous confirmer. <\/p>\n","protected":false},"excerpt":{"rendered":"Un diff\u00e9rend li\u00e9 \u00e0 une affaire de succession a fr\u00f4l\u00e9 le drame \u00e0 Toulon (Var). Selon nos informations,&hellip;\n","protected":false},"author":2,"featured_media":119227,"comment_status":"","ping_status":"","sticky":false,"template":"","format":"standard","meta":{"footnotes":""},"categories":[9619],"tags":[1111,11,459,1777,674,118,1011,27,12,882,25,2310],"class_list":{"0":"post-119226","1":"post","2":"type-post","3":"status-publish","4":"format-standard","5":"has-post-thumbnail","7":"category-toulon","8":"tag-actu","9":"tag-actualites","10":"tag-departements-horsidfo","11":"tag-eu","12":"tag-europe","13":"tag-faits-divers","14":"tag-fr","15":"tag-france","16":"tag-news","17":"tag-provence-alpes-cote-dazur","18":"tag-republique-francaise","19":"tag-toulon"},"share_on_mastodon":{"url":"https:\/\/pubeurope.com\/@fr\/114551079816099344","error":""},"_links":{"self":[{"href":"https:\/\/www.europesays.com\/fr\/wp-json\/wp\/v2\/posts\/119226","targetHints":{"allow":["GET"]}}],"collection":[{"href":"https:\/\/www.europesays.com\/fr\/wp-json\/wp\/v2\/posts"}],"about":[{"href":"https:\/\/www.europesays.com\/fr\/wp-json\/wp\/v2\/types\/post"}],"author":[{"embeddable":true,"href":"https:\/\/www.europesays.com\/fr\/wp-json\/wp\/v2\/users\/2"}],"replies":[{"embeddable":true,"href":"https:\/\/www.europesays.com\/fr\/wp-json\/wp\/v2\/comments?post=119226"}],"version-history":[{"count":0,"href":"https:\/\/www.europesays.com\/fr\/wp-json\/wp\/v2\/posts\/119226\/revisions"}],"wp:featuredmedia":[{"embeddable":true,"href":"https:\/\/www.europesays.com\/fr\/wp-json\/wp\/v2\/media\/119227"}],"wp:attachment":[{"href":"https:\/\/www.europesays.com\/fr\/wp-json\/wp\/v2\/media?parent=119226"}],"wp:term":[{"taxonomy":"category","embeddable":true,"href":"https:\/\/www.europesays.com\/fr\/wp-json\/wp\/v2\/categories?post=119226"},{"taxonomy":"post_tag","embeddable":true,"href":"https:\/\/www.europesays.com\/fr\/wp-json\/wp\/v2\/tags?post=119226"}],"curies":[{"name":"wp","href":"https:\/\/api.w.org\/{rel}","templated":true}]}}