{"id":11924,"date":"2025-04-09T06:18:12","date_gmt":"2025-04-09T06:18:12","guid":{"rendered":"https:\/\/www.europesays.com\/fr\/11924\/"},"modified":"2025-04-09T06:18:12","modified_gmt":"2025-04-09T06:18:12","slug":"info-rtl-chaque-jour-on-a-des-agents-qui-tombent-un-employe-du-chu-de-grenoble-porte-plainte-apres-de-mysterieux-malaises","status":"publish","type":"post","link":"https:\/\/www.europesays.com\/fr\/11924\/","title":{"rendered":"INFO RTL &#8211; \u00ab\u00a0Chaque jour, on a des agents qui tombent\u00a0\u00bb : un employ\u00e9 du CHU de Grenoble porte plainte apr\u00e8s de myst\u00e9rieux malaises"},"content":{"rendered":"<p class=\"article-p mdl\">Au CHU de Grenoble, des employ\u00e9s sont victimes de myst\u00e9rieux malaises depuis 2018. Maux de t\u00eate, vertiges, naus\u00e9es\u2026 Certains agents de l&rsquo;institut de biologie et de pathologie ont m\u00eame termin\u00e9 aux urgences. Ils sont victimes d&rsquo;\u00e9manations possiblement toxiques.\u00a0<\/p>\n<p class=\"article-p mdl\">L&rsquo;un des agents a d\u00e9pos\u00e9 plainte contre sa direction pour \u00ab\u00a0administration de substance nuisible\u00a0\u00bb et \u00ab\u00a0blessures involontaires\u00a0\u00bb. L&rsquo;homme ne supporte plus de vivre dans l&rsquo;angoisse et le stress <strong>sous la menace de ces \u00e9manations<\/strong>. \u00ab\u00a0Au quotidien,<strong> on a des odeurs, \u00e7a va de l&rsquo;odeur de javel<\/strong>, un peu les boules puantes, <strong>les \u0153ufs pourris\u2026 irritantes, un peu acides<\/strong>\u00ab\u00a0, a-t-il t\u00e9moign\u00e9 aupr\u00e8s de RTL.\u00a0<\/p>\n<p class=\"article-p mdl\">\u00ab\u00a0J&rsquo;ai eu des maux de t\u00eate, la fatigue, des vertiges, j&rsquo;ai <strong>la gorge qui me gratte, les yeux qui me piquent.<\/strong> Chaque jour, on a des agents qui tombent, qui se sentent tr\u00e8s mal. <strong>On appelle les pompiers<\/strong>, ils finissent\u00a0<a class=\"link\" href=\"https:\/\/www.rtl.fr\/actu\/sante\/un-nouveau-ne-arrive-aux-urgences-pour-des-vomissements-repetes-le-diagnostic-est-inattendu-7900485405\" target=\"_blank\" rel=\"noopener\">aux urgences<\/a>, c&rsquo;est terrible\u00a0\u00bb, a ajout\u00e9 l&rsquo;homme.\u00a0L&rsquo;agent, qui a port\u00e9 plainte, a dit avoir \u00ab\u00a0tr\u00e8s peur\u00a0\u00bb pour sa sant\u00e9.\u00a0Pour son avocat, Maitre Herv\u00e9 Gerbi, \u00ab\u00a0depuis 2019, les agents de l&rsquo;Institut de Biologie et de Pathologie du CHU subissent plusieurs centaines de malaises par an. Il est donc normal que la justice s&rsquo;en m\u00eale et ouvre une enqu\u00eate p\u00e9nale\u00a0\u00bb.<\/p>\n<p class=\"article-p mdl\">La directrice g\u00e9n\u00e9rale de l&rsquo;h\u00f4pital, Monique Sorrantino, est impuissante et ne sait pas ce qui provoque ces \u00e9manations. \u00ab\u00a0<strong>Nous avons fait \u00e9norm\u00e9ment d&rsquo;investigations<\/strong> et on n&rsquo;arrive pas vraiment \u00e0 savoir d&rsquo;o\u00f9 \u00e7a vient\u00a0\u00bb, a-t-elle expliqu\u00e9.\u00a0Des \u00e9quipements de protection, notamment<strong> des masques et des lunettes, ont \u00e9t\u00e9 mis \u00e0 disposition des agents<\/strong> travaillant dans ce b\u00e2timent.\u00a0Au total,\u00a0<a class=\"link\" href=\"https:\/\/www.rtl.fr\/actu\/sante\/il-multiplie-les-malaises-vagaux-son-medecin-mene-l-enquete-pour-comprendre-7900362957\" target=\"_blank\" rel=\"noopener\">324 malaises<\/a>\u00a0ont \u00e9t\u00e9 recens\u00e9s en 2023 et plus de 489 en 2024.\u00a0<\/p>\n<p>    La r\u00e9daction vous recommande<\/p>\n<p class=\"s-newsletter__title\">\n                L\u2019actualit\u00e9 par la r\u00e9daction de RTL dans votre bo\u00eete mail.\n            <\/p>\n<p class=\"s-newsletter__subtitle\">\n                Gr\u00e2ce \u00e0 votre compte RTL abonnez-vous \u00e0 la newsletter RTL info pour suivre toute l&rsquo;actualit\u00e9 au quotidien\n            <\/p>\n<p>\n                                    Lire la suite\n                                <\/p>\n","protected":false},"excerpt":{"rendered":"Au CHU de Grenoble, des employ\u00e9s sont victimes de myst\u00e9rieux malaises depuis 2018. Maux de t\u00eate, vertiges, naus\u00e9es\u2026&hellip;\n","protected":false},"author":2,"featured_media":11925,"comment_status":"","ping_status":"","sticky":false,"template":"","format":"standard","meta":{"footnotes":""},"categories":[4],"tags":[11,107,1011,27,2731,2777,226,12,2634,362,25],"class_list":{"0":"post-11924","1":"post","2":"type-post","3":"status-publish","4":"format-standard","5":"has-post-thumbnail","7":"category-france","8":"tag-actualites","9":"tag-fil-info","10":"tag-fr","11":"tag-france","12":"tag-grenoble","13":"tag-hopitaux","14":"tag-maladie","15":"tag-news","16":"tag-plainte","17":"tag-replay","18":"tag-republique-francaise"},"share_on_mastodon":{"url":"https:\/\/pubeurope.com\/@fr\/114306554454909191","error":""},"_links":{"self":[{"href":"https:\/\/www.europesays.com\/fr\/wp-json\/wp\/v2\/posts\/11924","targetHints":{"allow":["GET"]}}],"collection":[{"href":"https:\/\/www.europesays.com\/fr\/wp-json\/wp\/v2\/posts"}],"about":[{"href":"https:\/\/www.europesays.com\/fr\/wp-json\/wp\/v2\/types\/post"}],"author":[{"embeddable":true,"href":"https:\/\/www.europesays.com\/fr\/wp-json\/wp\/v2\/users\/2"}],"replies":[{"embeddable":true,"href":"https:\/\/www.europesays.com\/fr\/wp-json\/wp\/v2\/comments?post=11924"}],"version-history":[{"count":0,"href":"https:\/\/www.europesays.com\/fr\/wp-json\/wp\/v2\/posts\/11924\/revisions"}],"wp:featuredmedia":[{"embeddable":true,"href":"https:\/\/www.europesays.com\/fr\/wp-json\/wp\/v2\/media\/11925"}],"wp:attachment":[{"href":"https:\/\/www.europesays.com\/fr\/wp-json\/wp\/v2\/media?parent=11924"}],"wp:term":[{"taxonomy":"category","embeddable":true,"href":"https:\/\/www.europesays.com\/fr\/wp-json\/wp\/v2\/categories?post=11924"},{"taxonomy":"post_tag","embeddable":true,"href":"https:\/\/www.europesays.com\/fr\/wp-json\/wp\/v2\/tags?post=11924"}],"curies":[{"name":"wp","href":"https:\/\/api.w.org\/{rel}","templated":true}]}}