{"id":119240,"date":"2025-05-22T10:52:09","date_gmt":"2025-05-22T10:52:09","guid":{"rendered":"https:\/\/www.europesays.com\/fr\/119240\/"},"modified":"2025-05-22T10:52:09","modified_gmt":"2025-05-22T10:52:09","slug":"gravement-blesse-au-couteau-il-est-abandonne-devant-lhopital-a-rennes","status":"publish","type":"post","link":"https:\/\/www.europesays.com\/fr\/119240\/","title":{"rendered":"Gravement bless\u00e9 au couteau, il est abandonn\u00e9 devant l\u2019h\u00f4pital \u00e0 Rennes"},"content":{"rendered":"<p>Mercredi 21 mai, un homme gravement bless\u00e9 a \u00e9t\u00e9 d\u00e9pos\u00e9 devant le CHU de Rennes un peu apr\u00e8s 19 h. La victime, \u00e2g\u00e9e d\u2019une trentaine d\u2019ann\u00e9es, pr\u00e9sentait une importante blessure \u00e0 l\u2018arme blanche a appris Le T\u00e9l\u00e9gramme &#8211; confirmant une information de <a href=\"https:\/\/www.rennes-infos-autrement.fr\/agression-au-couteau-un-trentenaire-blesse-conduit-aux-urgences\/\" target=\"_blank\" rel=\"nofollow noopener\">Rennes Info Autrement<\/a>. Pris en charge rapidement, il a pu recevoir des soins. Ses jours ne sont plus en danger.<\/p>\n<p>Une enqu\u00eate a \u00e9t\u00e9 ouverte par la police. D\u2019apr\u00e8s les premiers \u00e9l\u00e9ments recueillis, l\u2019agression aurait eu lieu devant le centre commercial Italie dans le quartier du Blosne. L\u2019homme ne parlant pas fran\u00e7ais, il n\u2019a pas pu raconter pr\u00e9cis\u00e9ment ce qui lui \u00e9tait arriv\u00e9.<\/p>\n","protected":false},"excerpt":{"rendered":"Mercredi 21 mai, un homme gravement bless\u00e9 a \u00e9t\u00e9 d\u00e9pos\u00e9 devant le CHU de Rennes un peu apr\u00e8s&hellip;\n","protected":false},"author":2,"featured_media":119241,"comment_status":"","ping_status":"","sticky":false,"template":"","format":"standard","meta":{"footnotes":""},"categories":[2821],"tags":[1111,11,829,765,1777,674,3383,1011,27,848,12,584,25],"class_list":{"0":"post-119240","1":"post","2":"type-post","3":"status-publish","4":"format-standard","5":"has-post-thumbnail","7":"category-rennes","8":"tag-actu","9":"tag-actualites","10":"tag-bretagne","11":"tag-en-continu","12":"tag-eu","13":"tag-europe","14":"tag-faits-divers-a-rennes","15":"tag-fr","16":"tag-france","17":"tag-ille-et-vilaine","18":"tag-news","19":"tag-rennes","20":"tag-republique-francaise"},"share_on_mastodon":{"url":"https:\/\/pubeurope.com\/@fr\/114551111284508575","error":""},"_links":{"self":[{"href":"https:\/\/www.europesays.com\/fr\/wp-json\/wp\/v2\/posts\/119240","targetHints":{"allow":["GET"]}}],"collection":[{"href":"https:\/\/www.europesays.com\/fr\/wp-json\/wp\/v2\/posts"}],"about":[{"href":"https:\/\/www.europesays.com\/fr\/wp-json\/wp\/v2\/types\/post"}],"author":[{"embeddable":true,"href":"https:\/\/www.europesays.com\/fr\/wp-json\/wp\/v2\/users\/2"}],"replies":[{"embeddable":true,"href":"https:\/\/www.europesays.com\/fr\/wp-json\/wp\/v2\/comments?post=119240"}],"version-history":[{"count":0,"href":"https:\/\/www.europesays.com\/fr\/wp-json\/wp\/v2\/posts\/119240\/revisions"}],"wp:featuredmedia":[{"embeddable":true,"href":"https:\/\/www.europesays.com\/fr\/wp-json\/wp\/v2\/media\/119241"}],"wp:attachment":[{"href":"https:\/\/www.europesays.com\/fr\/wp-json\/wp\/v2\/media?parent=119240"}],"wp:term":[{"taxonomy":"category","embeddable":true,"href":"https:\/\/www.europesays.com\/fr\/wp-json\/wp\/v2\/categories?post=119240"},{"taxonomy":"post_tag","embeddable":true,"href":"https:\/\/www.europesays.com\/fr\/wp-json\/wp\/v2\/tags?post=119240"}],"curies":[{"name":"wp","href":"https:\/\/api.w.org\/{rel}","templated":true}]}}