{"id":119244,"date":"2025-05-22T10:54:14","date_gmt":"2025-05-22T10:54:14","guid":{"rendered":"https:\/\/www.europesays.com\/fr\/119244\/"},"modified":"2025-05-22T10:54:14","modified_gmt":"2025-05-22T10:54:14","slug":"des-lyceens-daristide-briand-ont-pose-leur-slam-en-finale","status":"publish","type":"post","link":"https:\/\/www.europesays.com\/fr\/119244\/","title":{"rendered":"des lyc\u00e9ens d\u2019Aristide-Briand ont pos\u00e9 leur slam en finale"},"content":{"rendered":"<p>Le but du projet hip-hop franco-allemand <a href=\"https:\/\/www.dna.fr\/culture-loisirs\/2023\/04\/20\/zweierpasch-un-flow-sans-frontieres-entre-fribourg-strasbourg-et-kehl\" target=\"_blank\" rel=\"noopener\">du groupe Zweierpasch<\/a> est de promouvoir la cr\u00e9ativit\u00e9 et le plurilinguisme, et d\u2019\u0153uvrer ainsi \u00e0 un monde en paix.<\/p>\n<p>D\u00e9but mai, 1\u00a0200 \u00e9l\u00e8ves participants \u00e9taient venus de toute l\u2019Allemagne et de toute la France pour assister \u00e0 la finale du concours de l\u2019\u00c9cole du Flow, dans la salle de concert L\u2019Autre Canal \u00e0 Nancy, qui affichait complet.<\/p>\n<p>Parmi les six finalistes, on comptait la classe de premi\u00e8re bac pro h\u00f4tellerie du lyc\u00e9e professionnel Aristide Briand \u00e0 Schiltigheim.<\/p>\n<p>La classe, sous la houlette de son professeur d\u2019allemand Myl\u00e8ne Jeanneret, avec le rappeur Mostafa Taouli, alias Mouss, et en bin\u00f4mes franco-allemands avec une classe de Friesenheim, \u00e9tait en lice avec des concurrents de classes bilingues.<\/p>\n<p>Ce contenu est bloqu\u00e9 car vous n&rsquo;avez pas accept\u00e9 les cookies et autres traceurs.<\/p>\n<p>En cliquant sur \u00ab J\u2019accepte \u00bb, les cookies et autres traceurs seront d\u00e9pos\u00e9s et vous pourrez visualiser les contenus  (<a href=\"\" class=\"consentModule_policy\" target=\"_blank\" title=\"Consulter la politique de protection des donn\u00e9es du fournisseur\">plus d&rsquo;informations<\/a>).<\/p>\n<p>En cliquant sur \u00ab J\u2019accepte tous les cookies \u00bb, vous autorisez des d\u00e9p\u00f4ts de cookies et autres traceurs pour le stockage de vos donn\u00e9es sur nos sites et applications \u00e0 des fins de personnalisation et de ciblage publicitaire.<\/p>\n<p class=\"consentModule_secondaryText\">Vous gardez la possibilit\u00e9 de retirer votre consentement \u00e0 tout moment en consultant notre <a href=\"http:\/\/www.dna.fr\/protection-des-donnees\" target=\"_blank\" title=\"Consulter notre politique de protection des donn\u00e9es\" rel=\"noopener\">politique de protection des donn\u00e9es<\/a>. <br \/>&#13;<br \/>\n            <a href=\"http:\/\/www.dna.fr\/culture-loisirs\/2025\/05\/22\/javascript:Didomi.notice.show()\" class=\"consentModule_cmp\" target=\"_blank\" rel=\"noopener\">G\u00e9rer mes choix<\/a>&#13;\n        <\/p>\n<p>&#13;<br \/>\n                        J&rsquo;accepte&#13;<br \/>\n            J&rsquo;accepte tous les cookies&#13;\n        <\/p>\n<p>Gr\u00e2ce \u00e0 l\u2019Eurodistrict, \u00e0 la Drareic et \u00e0 l\u2019Ofaj, un slam a pu \u00eatre enregistr\u00e9 dans le studio professionnel du rappeur Mouss, qui a encadr\u00e9 les jeunes jusqu\u2019\u00e0 la fin de l\u2019aventure.<\/p>\n<p>  Devant 1\u00a0300 spectateurs<\/p>\n<p>Les subventions de l\u2019Eurodistrict ont \u00e9galement financ\u00e9 les d\u00e9placements.<\/p>\n<p>Lors de la finale, les \u00e9l\u00e8ves d\u2019Aristide-Briand ont \u00e9t\u00e9 invit\u00e9s \u00e0 monter sur sc\u00e8ne pour pr\u00e9senter leur slam devant 1\u00a0300 spectateurs. S\u2019ils avaient le trac, ils l\u2019ont perdu aussit\u00f4t sur sc\u00e8ne et ont perform\u00e9 avec beaucoup de talent et d\u2019assurance leur slam devant un public d\u00e9cha\u00een\u00e9.<\/p>\n","protected":false},"excerpt":{"rendered":"Le but du projet hip-hop franco-allemand du groupe Zweierpasch est de promouvoir la cr\u00e9ativit\u00e9 et le plurilinguisme, et&hellip;\n","protected":false},"author":2,"featured_media":119245,"comment_status":"","ping_status":"","sticky":false,"template":"","format":"standard","meta":{"footnotes":""},"categories":[2820],"tags":[1111,11,3599,1687,2880,1057,1777,674,107,1011,27,775,873,12,25,5512,640,3265],"class_list":{"0":"post-119244","1":"post","2":"type-post","3":"status-publish","4":"format-standard","5":"has-post-thumbnail","7":"category-strasbourg","8":"tag-actu","9":"tag-actualites","10":"tag-college-lycee","11":"tag-culture-loisirs","12":"tag-edition-strasbourg","13":"tag-education","14":"tag-eu","15":"tag-europe","16":"tag-fil-info","17":"tag-fr","18":"tag-france","19":"tag-grand-est","20":"tag-musique","21":"tag-news","22":"tag-republique-francaise","23":"tag-schiltigheim","24":"tag-strasbourg","25":"tag-strasbourg-nord"},"share_on_mastodon":{"url":"https:\/\/pubeurope.com\/@fr\/114551119245702132","error":""},"_links":{"self":[{"href":"https:\/\/www.europesays.com\/fr\/wp-json\/wp\/v2\/posts\/119244","targetHints":{"allow":["GET"]}}],"collection":[{"href":"https:\/\/www.europesays.com\/fr\/wp-json\/wp\/v2\/posts"}],"about":[{"href":"https:\/\/www.europesays.com\/fr\/wp-json\/wp\/v2\/types\/post"}],"author":[{"embeddable":true,"href":"https:\/\/www.europesays.com\/fr\/wp-json\/wp\/v2\/users\/2"}],"replies":[{"embeddable":true,"href":"https:\/\/www.europesays.com\/fr\/wp-json\/wp\/v2\/comments?post=119244"}],"version-history":[{"count":0,"href":"https:\/\/www.europesays.com\/fr\/wp-json\/wp\/v2\/posts\/119244\/revisions"}],"wp:featuredmedia":[{"embeddable":true,"href":"https:\/\/www.europesays.com\/fr\/wp-json\/wp\/v2\/media\/119245"}],"wp:attachment":[{"href":"https:\/\/www.europesays.com\/fr\/wp-json\/wp\/v2\/media?parent=119244"}],"wp:term":[{"taxonomy":"category","embeddable":true,"href":"https:\/\/www.europesays.com\/fr\/wp-json\/wp\/v2\/categories?post=119244"},{"taxonomy":"post_tag","embeddable":true,"href":"https:\/\/www.europesays.com\/fr\/wp-json\/wp\/v2\/tags?post=119244"}],"curies":[{"name":"wp","href":"https:\/\/api.w.org\/{rel}","templated":true}]}}