{"id":119246,"date":"2025-05-22T10:55:16","date_gmt":"2025-05-22T10:55:16","guid":{"rendered":"https:\/\/www.europesays.com\/fr\/119246\/"},"modified":"2025-05-22T10:55:16","modified_gmt":"2025-05-22T10:55:16","slug":"dimanche-on-manifeste-a-velo-de-reichstett-a-strasbourg","status":"publish","type":"post","link":"https:\/\/www.europesays.com\/fr\/119246\/","title":{"rendered":"dimanche, on manifeste \u00e0 v\u00e9lo de Reichstett \u00e0 Strasbourg"},"content":{"rendered":"<p>L\u2019association Strasbourg \u00e0 v\u00e9lo organise dimanche 25\u00a0mai la deuxi\u00e8me \u00e9dition de sa \u201cconvergence v\u00e9lo\u201d. L\u2019id\u00e9e est de rallier \u00e0 v\u00e9lo Strasbourg via des cort\u00e8ges <a href=\"https:\/\/www.dna.fr\/societe\/2024\/06\/16\/des-centaines-de-cyclistes-ont-fait-la-velorution-pour-plus-de-securite\" target=\"_blank\" rel=\"noopener\">venant des quatre coins de l\u2019Eurom\u00e9tropole et m\u00eame d\u2019outre-Rhin<\/a>.<\/p>\n<p>L\u2019ann\u00e9e derni\u00e8re, la branche nord \u00e9tait partie de Bischheim. Cette ann\u00e9e, le d\u00e9part sera \u00e9largi \u00e0 Reichstett (d\u00e9part de la mairie \u00e0 13\u00a0h\u00a045). Le cort\u00e8ge passera par les communes de \u00ab\u00a0l\u2019enfer du nord cyclable\u00a0\u00bb\u00a0: Souffelweyersheim (14\u00a0h), Hoenheim (14\u00a0h\u00a015), Bischheim (14\u00a0h\u00a030), Schiltigheim (14\u00a0h\u00a040) et enfin Strasbourg, o\u00f9 il retrouvera les autres cort\u00e8ges. <\/p>\n<p>  Un mode de d\u00e9placement \u00ab \u00e0 part enti\u00e8re \u00bb<\/p>\n<p>Cette manifestation vise \u00e0 montrer l\u2019importance de promouvoir le v\u00e9lo comme un mode de d\u00e9placement \u00e0 part enti\u00e8re. Parmi les revendications, la s\u00e9curisation de tous les trajets \u00e0 v\u00e9lo pour un enfant entrant au coll\u00e8ge, dans une \u00ab\u00a0zone de l\u2019Eurom\u00e9tropole largement d\u00e9laiss\u00e9e\u00a0\u00bb. Strasbourg \u00e0 v\u00e9lo souhaite aussi promouvoir <a href=\"https:\/\/www.dna.fr\/economie\/2025\/05\/13\/la-fub-appelle-les-citoyens-a-contribuer-au-barometre-velo-2025-jusqu-au-2-juin\" target=\"_blank\" rel=\"noopener\">la grande enqu\u00eate de la Fub<\/a> (F\u00e9d\u00e9ration fran\u00e7aise des usagers de la bicyclette) aupr\u00e8s des communes de l\u2019Eurom\u00e9tropole de Strasbourg. Cette enqu\u00eate nationale permet de classer les communes de France et de r\u00e9pertorier les besoins des cyclistes (points noirs, besoins en stationnement, efforts des communes\u2026). Elle se terminera le 2\u00a0juin.<\/p>\n<p>Ce contenu est bloqu\u00e9 car vous n&rsquo;avez pas accept\u00e9 les cookies et autres traceurs.<\/p>\n<p>En cliquant sur \u00ab J\u2019accepte \u00bb, les cookies et autres traceurs seront d\u00e9pos\u00e9s et vous pourrez visualiser les contenus  (<a href=\"\" class=\"consentModule_policy\" target=\"_blank\" title=\"Consulter la politique de protection des donn\u00e9es du fournisseur\">plus d&rsquo;informations<\/a>).<\/p>\n<p>En cliquant sur \u00ab J\u2019accepte tous les cookies \u00bb, vous autorisez des d\u00e9p\u00f4ts de cookies et autres traceurs pour le stockage de vos donn\u00e9es sur nos sites et applications \u00e0 des fins de personnalisation et de ciblage publicitaire.<\/p>\n<p class=\"consentModule_secondaryText\">Vous gardez la possibilit\u00e9 de retirer votre consentement \u00e0 tout moment en consultant notre <a href=\"https:\/\/www.dna.fr\/protection-des-donnees\" target=\"_blank\" title=\"Consulter notre politique de protection des donn\u00e9es\" rel=\"noopener\">politique de protection des donn\u00e9es<\/a>. <br \/>&#13;<br \/>\n            <a href=\"https:\/\/www.dna.fr\/culture-loisirs\/2025\/05\/22\/javascript:Didomi.notice.show()\" class=\"consentModule_cmp\" target=\"_blank\" rel=\"noopener\">G\u00e9rer mes choix<\/a>&#13;\n        <\/p>\n<p>&#13;<br \/>\n                        J&rsquo;accepte&#13;<br \/>\n            J&rsquo;accepte tous les cookies&#13;\n        <\/p>\n<p>Ailleurs \u00e0 Strasbourg, un collectif de la Montagne-Verte plaide pour un apaisement de la route de Schirmeck pour les cyclistes. Le cort\u00e8ge s\u2019\u00e9lancera place d\u2019Ostwald \u00e0 14h30. Au d\u00e9part de Cronenbourg (rendez-vous place Saint-Florent \u00e0 14h), le CroCollectif invitera \u00e0 rouler pour alerter sur le manque d\u2019infrastructures cyclistes dans le secteur. Un d\u00e9part est m\u00eame pr\u00e9vu \u00e0 Offenbourg.<\/p>\n<p>Tous ces cort\u00e8ges se rejoindront place Broglie \u00e0 15 h pour une boucle festive de trois kilom\u00e8tres \u00e0 travers le centre-ville.<\/p>\n<p class=\"note\">Enqu\u00eate Fub\u00a0: barom\u00e8tre-velo.fr<\/p>\n","protected":false},"excerpt":{"rendered":"L\u2019association Strasbourg \u00e0 v\u00e9lo organise dimanche 25\u00a0mai la deuxi\u00e8me \u00e9dition de sa \u201cconvergence v\u00e9lo\u201d. L\u2019id\u00e9e est de rallier&hellip;\n","protected":false},"author":2,"featured_media":119247,"comment_status":"","ping_status":"","sticky":false,"template":"","format":"standard","meta":{"footnotes":""},"categories":[2820],"tags":[1111,11,7782,3542,1687,2880,436,1777,674,107,1011,27,775,12,7092,25,640,3265,2803],"class_list":{"0":"post-119246","1":"post","2":"type-post","3":"status-publish","4":"format-standard","5":"has-post-thumbnail","7":"category-strasbourg","8":"tag-actu","9":"tag-actualites","10":"tag-balades-et-randonnees","11":"tag-circulation","12":"tag-culture-loisirs","13":"tag-edition-strasbourg","14":"tag-environnement","15":"tag-eu","16":"tag-europe","17":"tag-fil-info","18":"tag-fr","19":"tag-france","20":"tag-grand-est","21":"tag-news","22":"tag-reichstett","23":"tag-republique-francaise","24":"tag-strasbourg","25":"tag-strasbourg-nord","26":"tag-transport"},"share_on_mastodon":{"url":"https:\/\/pubeurope.com\/@fr\/114551122998492399","error":""},"_links":{"self":[{"href":"https:\/\/www.europesays.com\/fr\/wp-json\/wp\/v2\/posts\/119246","targetHints":{"allow":["GET"]}}],"collection":[{"href":"https:\/\/www.europesays.com\/fr\/wp-json\/wp\/v2\/posts"}],"about":[{"href":"https:\/\/www.europesays.com\/fr\/wp-json\/wp\/v2\/types\/post"}],"author":[{"embeddable":true,"href":"https:\/\/www.europesays.com\/fr\/wp-json\/wp\/v2\/users\/2"}],"replies":[{"embeddable":true,"href":"https:\/\/www.europesays.com\/fr\/wp-json\/wp\/v2\/comments?post=119246"}],"version-history":[{"count":0,"href":"https:\/\/www.europesays.com\/fr\/wp-json\/wp\/v2\/posts\/119246\/revisions"}],"wp:featuredmedia":[{"embeddable":true,"href":"https:\/\/www.europesays.com\/fr\/wp-json\/wp\/v2\/media\/119247"}],"wp:attachment":[{"href":"https:\/\/www.europesays.com\/fr\/wp-json\/wp\/v2\/media?parent=119246"}],"wp:term":[{"taxonomy":"category","embeddable":true,"href":"https:\/\/www.europesays.com\/fr\/wp-json\/wp\/v2\/categories?post=119246"},{"taxonomy":"post_tag","embeddable":true,"href":"https:\/\/www.europesays.com\/fr\/wp-json\/wp\/v2\/tags?post=119246"}],"curies":[{"name":"wp","href":"https:\/\/api.w.org\/{rel}","templated":true}]}}