{"id":119254,"date":"2025-05-22T10:59:09","date_gmt":"2025-05-22T10:59:09","guid":{"rendered":"https:\/\/www.europesays.com\/fr\/119254\/"},"modified":"2025-05-22T10:59:09","modified_gmt":"2025-05-22T10:59:09","slug":"un-hotel-3-etoiles-du-centre-ville-braque-a-main-armee","status":"publish","type":"post","link":"https:\/\/www.europesays.com\/fr\/119254\/","title":{"rendered":"un h\u00f4tel 3 \u00e9toiles du centre-ville braqu\u00e9 \u00e0 main arm\u00e9e"},"content":{"rendered":"<p>Deux individus sont activement recherch\u00e9s par la police pour le braquage d\u2019un \u00e9tablissement h\u00f4telier de l\u2019hypercentre de la cit\u00e9 des ducs, dans la nuit de mardi \u00e0 mercredi.<\/p>\n<p class=\"fig-paragraph\">Une d\u00e9monstration de force pour un maigre butin. Un h\u00f4tel du centre-ville\u00a0<a href=\"https:\/\/www.lefigaro.fr\/nantes\" target=\"_blank\" data-fig-type=\"Section\" rel=\"noopener\" data-gtm-custom-categorie=\"navigation\" data-gtm-custom-action=\"crossclick\" data-gtm-custom-label=\"Contextuel\" data-gtm-event=\"customEventSPE\" data-fig-domain=\"LEFIGARO\">de Nantes<\/a>\u00a0(Loire-Atlantique) a \u00e9t\u00e9 victime d\u2019un braquage \u00e0 main arm\u00e9e, dans la nuit du mardi 20 au mercredi 21 mai. Situ\u00e9 rue du Mar\u00e9chal de Lattre de Tassigny, l\u2019h\u00f4tel 3 \u00e9toiles a \u00e9t\u00e9 abord\u00e9 un peu apr\u00e8s une heure du matin par un individu au visage partiellement dissimul\u00e9, qui aurait dans un premier temps cherch\u00e9 \u00e0 louer une chambre. D\u00e9gainant\u00a0<a href=\"https:\/\/www.lefigaro.fr\/actualite-france\/plongee-au-coeur-des-trafics-d-armes-20211128\" target=\"_blank\" data-fig-type=\"Article\" rel=\"noopener\" data-gtm-custom-categorie=\"navigation\" data-gtm-custom-action=\"crossclick\" data-gtm-custom-label=\"Contextuel\" data-gtm-event=\"customEventSPE\" data-fig-domain=\"LEFIGARO\">une arme de poing, de type semi-automatique<\/a>, le voleur a menac\u00e9 le r\u00e9ceptionniste de nuit avant de se faire remettre le fond de caisse de l\u2019\u00e9tablissement et de prendre la fuite, juste avant l\u2019arriv\u00e9e des forces de police.<\/p>\n<p class=\"fig-paragraph\">Le pr\u00e9judice de l\u2019h\u00f4tel s\u2019\u00e9l\u00e8ve \u00e0 200 euros. Selon le t\u00e9moignage du r\u00e9ceptionniste braqu\u00e9, un complice de l\u2019homme arm\u00e9 l\u2019attendait \u00e0 l\u2019ext\u00e9rieur, tenant la garde dans la rue. L\u2019un des deux individus se serait pr\u00e9sent\u00e9 quelques heures plus t\u00f4t, mardi apr\u00e8s-midi, pour demander un changement de monnaie et, sans doute, rep\u00e9rer les lieux, avance la police nantaise, en mentionnant le t\u00e9moignage d\u2019un second r\u00e9ceptionniste. Jeudi matin, les\u00a0<a href=\"http:\/\/www.lefigaro.fr\/nantes\/videosurveillance-a-nantes-le-deploiement-de-nouvelles-cameras-par-la-mairie-socialiste-irrite-ses-allies-ecologistes-20250212\" target=\"_blank\" data-fig-type=\"NewsFlash\" rel=\"noopener\" data-gtm-custom-categorie=\"navigation\" data-gtm-custom-action=\"crossclick\" data-gtm-custom-label=\"Contextuel\" data-gtm-event=\"customEventSPE\" data-fig-domain=\"LEFIGARO\">cam\u00e9ras de vid\u00e9osurveillance<\/a>\u00a0de l\u2019h\u00f4tel comme du quartier \u00e9taient sur le point d\u2019\u00eatre examin\u00e9es.<\/p>\n","protected":false},"excerpt":{"rendered":"Deux individus sont activement recherch\u00e9s par la police pour le braquage d\u2019un \u00e9tablissement h\u00f4telier de l\u2019hypercentre de la&hellip;\n","protected":false},"author":2,"featured_media":119255,"comment_status":"","ping_status":"","sticky":false,"template":"","format":"standard","meta":{"footnotes":""},"categories":[2818],"tags":[1111,11,6941,1777,674,462,1011,27,2640,2642,766,2638,2643,2637,2639,2646,2645,2641,2635,2644,2647,12,2636,25],"class_list":{"0":"post-119254","1":"post","2":"type-post","3":"status-publish","4":"format-standard","5":"has-post-thumbnail","7":"category-nantes","8":"tag-actu","9":"tag-actualites","10":"tag-braquage","11":"tag-eu","12":"tag-europe","13":"tag-fc-nantes","14":"tag-fr","15":"tag-france","16":"tag-hauts-paves-saint-felix","17":"tag-ile-de-nantes","18":"tag-nantes","19":"tag-nantes-bellevue-chantenay-sainte-anne","20":"tag-nantes-breil-barberie","21":"tag-nantes-centre-ville","22":"tag-nantes-dervallieres-zola","23":"tag-nantes-doulon-bottiere","24":"tag-nantes-erdre","25":"tag-nantes-malakoff-saint-donatien","26":"tag-nantes-metropole","27":"tag-nantes-nord","28":"tag-nantes-sud","29":"tag-news","30":"tag-pays-de-la-loire","31":"tag-republique-francaise"},"share_on_mastodon":{"url":"https:\/\/pubeurope.com\/@fr\/114551138810912845","error":""},"_links":{"self":[{"href":"https:\/\/www.europesays.com\/fr\/wp-json\/wp\/v2\/posts\/119254","targetHints":{"allow":["GET"]}}],"collection":[{"href":"https:\/\/www.europesays.com\/fr\/wp-json\/wp\/v2\/posts"}],"about":[{"href":"https:\/\/www.europesays.com\/fr\/wp-json\/wp\/v2\/types\/post"}],"author":[{"embeddable":true,"href":"https:\/\/www.europesays.com\/fr\/wp-json\/wp\/v2\/users\/2"}],"replies":[{"embeddable":true,"href":"https:\/\/www.europesays.com\/fr\/wp-json\/wp\/v2\/comments?post=119254"}],"version-history":[{"count":0,"href":"https:\/\/www.europesays.com\/fr\/wp-json\/wp\/v2\/posts\/119254\/revisions"}],"wp:featuredmedia":[{"embeddable":true,"href":"https:\/\/www.europesays.com\/fr\/wp-json\/wp\/v2\/media\/119255"}],"wp:attachment":[{"href":"https:\/\/www.europesays.com\/fr\/wp-json\/wp\/v2\/media?parent=119254"}],"wp:term":[{"taxonomy":"category","embeddable":true,"href":"https:\/\/www.europesays.com\/fr\/wp-json\/wp\/v2\/categories?post=119254"},{"taxonomy":"post_tag","embeddable":true,"href":"https:\/\/www.europesays.com\/fr\/wp-json\/wp\/v2\/tags?post=119254"}],"curies":[{"name":"wp","href":"https:\/\/api.w.org\/{rel}","templated":true}]}}