{"id":119256,"date":"2025-05-22T11:00:07","date_gmt":"2025-05-22T11:00:07","guid":{"rendered":"https:\/\/www.europesays.com\/fr\/119256\/"},"modified":"2025-05-22T11:00:07","modified_gmt":"2025-05-22T11:00:07","slug":"patisseries-incontournables-du-bassin-darcachon-les-dunes-blanches-ouvrent-une-deuxieme-boutique-a-bordeaux","status":"publish","type":"post","link":"https:\/\/www.europesays.com\/fr\/119256\/","title":{"rendered":"P\u00e2tisseries incontournables du bassin d&rsquo;Arcachon, les Dunes Blanches ouvrent une deuxi\u00e8me boutique \u00e0 Bordeaux"},"content":{"rendered":"<p>            Par<br \/>\n        <strong><br \/>\n            <a href=\"https:\/\/actu.fr\/auteur\/aurelien-cardot\" title=\"Consulter tous les articles de Aurelien Cardot\" rel=\"nofollow noopener\" target=\"_blank\">Aurelien Cardot<\/a><br \/>\n        <\/strong><\/p>\n<p>        Publi\u00e9 le<\/p>\n<p>            22 mai 2025 \u00e0 12h51        <\/p>\n<p>Les amateurs de <strong>Dunes Blanches<\/strong> auront bient\u00f4t une nouvelle adresse \u00e0 <a href=\"http:\/\/actu.fr\/bordeaux\" rel=\"nofollow noopener\" target=\"_blank\">Bordeaux<\/a>. La maison cr\u00e9\u00e9e par Pascal Lucas <strong>ouvrira une seconde boutique<\/strong> en plein centre-ville, rue de la Porte Dijeaux, d\u00e8s le mois de juillet 2025.<\/p>\n<p class=\" wall-content\">Jusqu\u2019ici nich\u00e9e dans une rue discr\u00e8te, un peu \u00e0 l\u2019\u00e9cart du centre commer\u00e7ant, il est dur de tomber par hasard sur la boutique actuelle. Avec cette <strong>nouvelle adresse<\/strong>, plus grande et situ\u00e9e dans une <strong>rue tr\u00e8s passante<\/strong>, la marque pourra d\u2019avantage mettre en valeur cette sp\u00e9cialit\u00e9 locale et toucher un public plus large.\u00a0<\/p>\n<p>Une p\u00e2tisserie embl\u00e9matique<\/p>\n<p class=\" wall-content\">Cr\u00e9\u00e9e en 2007 au Cap-Ferret, la Dune Blanche est une <strong>petite chouquette<\/strong> garnie d\u2019une cr\u00e8me l\u00e9g\u00e8re \u00e0 la vanille. Tr\u00e8s populaire sur le <a href=\"https:\/\/actu.fr\/tag\/bassin-d-arcachon\" rel=\"nofollow noopener\" target=\"_blank\">bassin d\u2019Arcachon<\/a>, elle se d\u00e9guste aussi bien en dessert qu\u2019\u00e0 toute heure de la journ\u00e9e.<\/p>\n<p class=\" wall-content\">Avec cette ouverture, les Dunes Blanches <strong>confirment leur ancrage<\/strong> \u00e0 Bordeaux. Pour les habitu\u00e9s, pas d\u2019inqui\u00e9tudes, la premi\u00e8re boutique restera ouverte. Et pour les touristes et autres curieux, cela offre une occasion de plus de d\u00e9couvrir cette <strong>p\u00e2tisserie girondine<\/strong> embl\u00e9matique, d\u00e9sormais encore plus accessible en centre-ville.<\/p>\n<p class=\" wall-content\">Suivez toute l\u2019actualit\u00e9 de vos villes et m\u00e9dias favoris en vous inscrivant \u00e0 <a href=\"https:\/\/moncompte.actu.fr\" title=\"D\u00e9couvez Mon Actu\" rel=\"nofollow noopener\" data-trk=\"{&quot;cta&quot;:{&quot;action&quot;:&quot;https:\\\/\\\/moncompte.actu.fr&quot;,&quot;category&quot;:&quot;mon compte&quot;,&quot;from&quot;:&quot;article footer&quot;,&quot;name&quot;:&quot;Mon actu&quot;,&quot;type&quot;:&quot;cta&quot;}}\" target=\"_blank\">Mon Actu<\/a>.<\/p>\n","protected":false},"excerpt":{"rendered":"Par Aurelien Cardot Publi\u00e9 le 22 mai 2025 \u00e0 12h51 Les amateurs de Dunes Blanches auront bient\u00f4t une&hellip;\n","protected":false},"author":2,"featured_media":119257,"comment_status":"","ping_status":"","sticky":false,"template":"","format":"standard","meta":{"footnotes":""},"categories":[2817],"tags":[1111,11,1997,215,902,1777,674,1011,27,12,2219,25,104],"class_list":{"0":"post-119256","1":"post","2":"type-post","3":"status-publish","4":"format-standard","5":"has-post-thumbnail","7":"category-bordeaux","8":"tag-actu","9":"tag-actualites","10":"tag-bordeaux","11":"tag-commerce","12":"tag-cuisine","13":"tag-eu","14":"tag-europe","15":"tag-fr","16":"tag-france","17":"tag-news","18":"tag-nouvelle-aquitaine","19":"tag-republique-francaise","20":"tag-societe"},"share_on_mastodon":{"url":"https:\/\/pubeurope.com\/@fr\/114551142682314079","error":""},"_links":{"self":[{"href":"https:\/\/www.europesays.com\/fr\/wp-json\/wp\/v2\/posts\/119256","targetHints":{"allow":["GET"]}}],"collection":[{"href":"https:\/\/www.europesays.com\/fr\/wp-json\/wp\/v2\/posts"}],"about":[{"href":"https:\/\/www.europesays.com\/fr\/wp-json\/wp\/v2\/types\/post"}],"author":[{"embeddable":true,"href":"https:\/\/www.europesays.com\/fr\/wp-json\/wp\/v2\/users\/2"}],"replies":[{"embeddable":true,"href":"https:\/\/www.europesays.com\/fr\/wp-json\/wp\/v2\/comments?post=119256"}],"version-history":[{"count":0,"href":"https:\/\/www.europesays.com\/fr\/wp-json\/wp\/v2\/posts\/119256\/revisions"}],"wp:featuredmedia":[{"embeddable":true,"href":"https:\/\/www.europesays.com\/fr\/wp-json\/wp\/v2\/media\/119257"}],"wp:attachment":[{"href":"https:\/\/www.europesays.com\/fr\/wp-json\/wp\/v2\/media?parent=119256"}],"wp:term":[{"taxonomy":"category","embeddable":true,"href":"https:\/\/www.europesays.com\/fr\/wp-json\/wp\/v2\/categories?post=119256"},{"taxonomy":"post_tag","embeddable":true,"href":"https:\/\/www.europesays.com\/fr\/wp-json\/wp\/v2\/tags?post=119256"}],"curies":[{"name":"wp","href":"https:\/\/api.w.org\/{rel}","templated":true}]}}