{"id":119258,"date":"2025-05-22T11:01:13","date_gmt":"2025-05-22T11:01:13","guid":{"rendered":"https:\/\/www.europesays.com\/fr\/119258\/"},"modified":"2025-05-22T11:01:13","modified_gmt":"2025-05-22T11:01:13","slug":"pres-de-bordeaux-un-maire-demissionne-apres-53-ans-de-mandat-pour-prendre-soin-de-son-epouse","status":"publish","type":"post","link":"https:\/\/www.europesays.com\/fr\/119258\/","title":{"rendered":"Pr\u00e8s de Bordeaux, un maire d\u00e9missionne apr\u00e8s 53 ans de mandat pour prendre soin de son \u00e9pouse"},"content":{"rendered":"<p>\u00c9lu maire de Cestas \u00e9lu pour la premi\u00e8re fois en 1972, Pierre Ducout a annonc\u00e9 sa d\u00e9mission, mercredi. Il conserve toutefois ses fonctions au sein de l\u2019intercommunalit\u00e9 et au D\u00e9partement.<\/p>\n<p class=\"fig-paragraph\"><a href=\"https:\/\/www.lefigaro.fr\/fig-data\/longevite-maires\/\" target=\"_blank\" rel=\"noopener\" data-gtm-custom-categorie=\"navigation\" data-gtm-custom-action=\"crossclick\" data-gtm-custom-label=\"Contextuel\" data-gtm-event=\"customEventSPE\">Pierre Ducout<\/a>\u00a0a engag\u00e9 sa vie au service des terres de\u00a0<a href=\"http:\/\/www.lefigaro.fr\/bordeaux\/en-tant-que-postiers-nous-avons-honte-plus-d-un-million-de-lettres-en-attente-au-centre-de-tri-de-la-poste-pres-de-bordeaux-20250124\" data-fig-type=\"NewsFlash\" data-gtm-custom-categorie=\"navigation\" data-gtm-custom-action=\"crossclick\" data-gtm-custom-label=\"Contextuel\" data-gtm-event=\"customEventSPE\" data-fig-domain=\"LEFIGARO\" target=\"_blank\" rel=\"noopener\">Cestas<\/a>\u00a0o\u00f9 il a \u00e9t\u00e9 baptis\u00e9 et il habite toujours la maison familiale, acquise par ses anc\u00eatres au XVe si\u00e8cle. \u00c9lu maire\u00a0<a href=\"http:\/\/www.lefigaro.fr\/bordeaux\/notre-reportage-dans-la-plus-grande-brulerie-de-cafe-bio-d-europe-pres-de-bordeaux-20231020\" data-fig-type=\"NewsFlash\" data-gtm-custom-categorie=\"navigation\" data-gtm-custom-action=\"crossclick\" data-gtm-custom-label=\"Contextuel\" data-gtm-event=\"customEventSPE\" data-fig-domain=\"LEFIGARO\" target=\"_blank\" rel=\"noopener\">cette commune<\/a>\u00a0de 17.000 \u00e2mes pour la premi\u00e8re fois le 1er octobre 1972 alors qu\u2019il \u00e9tait \u00e2g\u00e9 de 29 ans, l\u2019\u00e9dile a d\u00e9sormais 82 ans. Il a annonc\u00e9 ce mardi rendre son \u00e9charpe apr\u00e8s 53 ans de mandat afin de se consacrer au soin de son \u00e9pouse, qui est malade.<\/p>\n<p class=\"fig-paragraph\">\u00abCela fait plus de 50 ans que mon \u00e9pouse est engag\u00e9e \u00e0 mes c\u00f4t\u00e9s pour m\u2019appuyer, aujourd\u2019hui je me lib\u00e8re de la charge de maire afin de disposer de plus de temps pour la soutenir\u00bb, confie-t-il au Figaro. Une priorit\u00e9 donn\u00e9e \u00e0 son devoir d\u2019\u00e9tat, loin de l\u2019\u00e9loigner totalement des affaires communales. \u00abLes citoyens pensent que je les abandonne mais je vais continuer \u00e0 suivre de pr\u00e8s les gros dossiers comme l\u2019eau et l\u2019urbanisme, et je suis toujours engag\u00e9 au sein de l\u2019intercommunalit\u00e9 et au D\u00e9partement jusqu\u2019aux prochaines \u00e9lections\u00bb, souligne ainsi l\u2019\u00e9lu.<\/p>\n<p class=\"fig-body-link\">\n            \u00c0 lire aussi<br \/>\n        <a class=\"fig-body-link__link fig-premium-mark\" href=\"https:\/\/www.lefigaro.fr\/societes\/2015\/05\/29\/20005-20150529ARTFIG00300--cestas-une-gigantesque-centrale-solaire-defie-le-nucleaire.php\" data-fig-type=\"Article\" data-gtm-custom-categorie=\"navigation\" data-gtm-custom-action=\"crossclick\" data-gtm-custom-label=\"Contextuel\" data-gtm-event=\"customEventSPE\" data-fig-domain=\"LEFIGARO\" target=\"_blank\" rel=\"noopener\">\u00c0 Cestas, une gigantesque centrale solaire d\u00e9fie le nucl\u00e9aire<br \/>\n    <\/a>\n<\/p>\n<p class=\"fig-paragraph\">Remplac\u00e9 par int\u00e9rim par Henri Celan, charg\u00e9 de l\u2019urbanisme et des travaux, Pierre Ducout assure que \u00ables valeurs et la capacit\u00e9 de gestion non n\u00e9gligeable\u00bb de son adjoint lui permettront de \u00abpoursuivre dans la continuit\u00e9\u00bb ce mandat. Si le conseil municipal l\u2019accepte par vote ce 20 juin, ce dernier devrait donc devenir le nouveau maire avec l\u2019espoir d\u2019\u00eatre \u00e9lu en 2026.<\/p>\n<p>Engag\u00e9 pour la for\u00eat<\/p>\n<p class=\"fig-paragraph\">\u00c0 l\u2019issue de ses cinq d\u00e9cennies de mandats, celui qui a aussi \u00e9t\u00e9 d\u00e9put\u00e9 durant pr\u00e8s de 20 ans (1988-2007) se dit fier de ce qu\u2019il a accompli pour faire de Cestas une ville dynamique qui dispose de tous les services, au c\u0153ur de la campagne girondine. Situ\u00e9e \u00e0 13 minutes de Bordeaux en train ou \u00e0 30 minutes en voiture, cette commune p\u00e9riph\u00e9rique est environn\u00e9e de 6000 hectares de for\u00eat dont plus de 1000 acquis sous la mandature de Pierre Ducout. Attach\u00e9 \u00e0 la protection de ces bois, dont le grave incendie de 1949 l\u2019a frapp\u00e9 au c\u0153ur en raison du d\u00e9c\u00e8s par les flammes d\u2019un de ses proches, l\u2019homme politique esp\u00e8re que la ville saura conserver \u00abcette dynamique autour de la nature\u00bb.<\/p>\n","protected":false},"excerpt":{"rendered":"\u00c9lu maire de Cestas \u00e9lu pour la premi\u00e8re fois en 1972, Pierre Ducout a annonc\u00e9 sa d\u00e9mission, mercredi.&hellip;\n","protected":false},"author":2,"featured_media":119259,"comment_status":"","ping_status":"","sticky":false,"template":"","format":"standard","meta":{"footnotes":""},"categories":[2817],"tags":[1111,11,1997,2916,2911,2910,2915,2909,2904,2913,2912,2914,2906,2907,1777,674,1011,27,2905,2908,6793,1930,12,2219,316,25],"class_list":{"0":"post-119258","1":"post","2":"type-post","3":"status-publish","4":"format-standard","5":"has-post-thumbnail","7":"category-bordeaux","8":"tag-actu","9":"tag-actualites","10":"tag-bordeaux","11":"tag-bordeaux-cauderan","12":"tag-bordeaux-centre-ville","13":"tag-bordeaux-chartrons-grand-parc-jardin-public","14":"tag-bordeaux-la-bastide","15":"tag-bordeaux-maritime","16":"tag-bordeaux-metropole","17":"tag-bordeaux-nansouty-st-genes","18":"tag-bordeaux-st-augustin-tauzin-alphonse-dupeux","19":"tag-bordeaux-sud","20":"tag-capitale-de-gaule","21":"tag-cathedrale-gothique-de-saint-andre","22":"tag-eu","23":"tag-europe","24":"tag-fr","25":"tag-france","26":"tag-gironde","27":"tag-girondins-de-bordeaux","28":"tag-maires","29":"tag-mariage","30":"tag-news","31":"tag-nouvelle-aquitaine","32":"tag-politique","33":"tag-republique-francaise"},"share_on_mastodon":{"url":"","error":"Validation failed: Text character limit of 500 exceeded"},"_links":{"self":[{"href":"https:\/\/www.europesays.com\/fr\/wp-json\/wp\/v2\/posts\/119258","targetHints":{"allow":["GET"]}}],"collection":[{"href":"https:\/\/www.europesays.com\/fr\/wp-json\/wp\/v2\/posts"}],"about":[{"href":"https:\/\/www.europesays.com\/fr\/wp-json\/wp\/v2\/types\/post"}],"author":[{"embeddable":true,"href":"https:\/\/www.europesays.com\/fr\/wp-json\/wp\/v2\/users\/2"}],"replies":[{"embeddable":true,"href":"https:\/\/www.europesays.com\/fr\/wp-json\/wp\/v2\/comments?post=119258"}],"version-history":[{"count":0,"href":"https:\/\/www.europesays.com\/fr\/wp-json\/wp\/v2\/posts\/119258\/revisions"}],"wp:featuredmedia":[{"embeddable":true,"href":"https:\/\/www.europesays.com\/fr\/wp-json\/wp\/v2\/media\/119259"}],"wp:attachment":[{"href":"https:\/\/www.europesays.com\/fr\/wp-json\/wp\/v2\/media?parent=119258"}],"wp:term":[{"taxonomy":"category","embeddable":true,"href":"https:\/\/www.europesays.com\/fr\/wp-json\/wp\/v2\/categories?post=119258"},{"taxonomy":"post_tag","embeddable":true,"href":"https:\/\/www.europesays.com\/fr\/wp-json\/wp\/v2\/tags?post=119258"}],"curies":[{"name":"wp","href":"https:\/\/api.w.org\/{rel}","templated":true}]}}