{"id":119272,"date":"2025-05-22T11:08:09","date_gmt":"2025-05-22T11:08:09","guid":{"rendered":"https:\/\/www.europesays.com\/fr\/119272\/"},"modified":"2025-05-22T11:08:09","modified_gmt":"2025-05-22T11:08:09","slug":"lyon-cest-quoi-ces-nombreux-visages-colles-sur-un-immeuble-visible-depuis-le-peripherique","status":"publish","type":"post","link":"https:\/\/www.europesays.com\/fr\/119272\/","title":{"rendered":"Lyon. C&rsquo;est quoi ces nombreux visages coll\u00e9s sur un immeuble visible depuis le p\u00e9riph\u00e9rique\u00a0?"},"content":{"rendered":"<p>            Par<br \/>\n        <strong><br \/>\n            <a href=\"https:\/\/actu.fr\/auteur\/julien-sournies\" title=\"Consulter tous les articles de Julien Sournies\" rel=\"nofollow noopener\" target=\"_blank\">Julien Sournies<\/a><br \/>\n        <\/strong><\/p>\n<p>        Publi\u00e9 le<\/p>\n<p>            22 mai 2025 \u00e0 12h19        <\/p>\n<p>Si vous circuliez sur le p\u00e9riph\u00e9rique lyonnais, vous avez certainement vu des<strong>\u00a0portraits<\/strong> en noir et blanc s\u2019afficher un \u00e0 un sur l\u2019une des fa\u00e7ades de l\u2019UC3 de Bron, pr\u00e8s de <a href=\"https:\/\/actu.fr\/lyon\/\" rel=\"nofollow noopener\" target=\"_blank\">Lyon<\/a>, ce mercredi 21 mai 2025. Un projet in\u00e9dit a \u00e9t\u00e9 lanc\u00e9 avec les habitants\u2026<\/p>\n<p class=\" wall-content\">Ce projet, nomm\u00e9 \u00ab\u2009Inside Out\u2009\u00bb <strong>n\u00e9 de l\u2019artiste fran\u00e7ais JR<\/strong>, veut permettre \u00ab\u2009aux habitants de montrer le vrai visage de ce quartier en affichant leurs photos\u2009\u00bb, explique Lyon M\u00e9tropole Habitat. Ainsi, \u00e0 travers ce projet artistique, Lyon M\u00e9tropole Habitat propose aux habitants de \u00ab\u2009participer \u00e0 une action collective, de se r\u00e9approprier l\u2019espace public, et de se projeter dans la transformation de leur quartier\u2009\u00bb.<\/p>\n<p>Un projet en lien avec le long chantier de r\u00e9habilitation du quartier<\/p>\n<p class=\" wall-content\">Pour ce faire, un camion-photographique a \u00e9t\u00e9 install\u00e9 jusqu\u2019\u00e0 ce jeudi 22\u00a0mai par l\u2019\u00e9quipe du projet pour quiconque voudrait voir son visage coll\u00e9 en grand sur la mosa\u00efque de portraits.<\/p>\n<p>    <img   decoding=\"async\" loading=\"lazy\" src=\"https:\/\/www.europesays.com\/fr\/wp-content\/uploads\/2025\/05\/projet-visages-immeubles-bron-960x640.png\" alt=\"Des portraits d'habitants ont \u00e9t\u00e9 coll\u00e9s sur la fa\u00e7ade de l'UC3, face au p\u00e9riph\u00e9rique lyonnais, \u00e0 Bron ce mercredi.\" width=\"960\" height=\"640\"\/><br \/>\n    Lyon M\u00e9tropole Habitat propose aux habitants de \u00ab\u2009participer \u00e0 une action collective, de se r\u00e9approprier l\u2019espace public, et de se projeter dans la transformation de leur quartier\u2009\u00bb. (\u00a9Document remis \u00e0 actu Lyon)<\/p>\n<blockquote class=\"ac-article-quote wall-content\">\n<p>Inside Out permet aux habitants d\u2019afficher leurs portraits dans l\u2019espace public, cr\u00e9ant ainsi des \u0153uvres d\u2019art participatives pour faire entendre leurs voix localement et \u00e0 travers le monde.<\/p>\n<p>    <strong>Lyon M\u00e9tropole Habitat<\/strong>\n            <\/p><\/blockquote>\n<p class=\" wall-content\">En clair, cette action s\u2019inscrit dans le cadre de l\u2019op\u00e9ration de <strong>renouvellement urbain de Parilly<\/strong>. Le quartier va en effet conna\u00eetre dix ans de changement, avec des r\u00e9habilitations importantes, l\u2019am\u00e9lioration des espaces ext\u00e9rieurs, et l\u2019installation de nouveaux services et activit\u00e9s. L\u2019objectif est donc, entre autres, <strong>d\u2019humaniser le quartier<\/strong> avant sa r\u00e9habilitation.<\/p>\n<p class=\" wall-content\">\u00c0 noter que le projet se poursuit ce jeudi 22\u00a0mai, o\u00f9 cette fois-ci, les portraits seront coll\u00e9s sur une autre fa\u00e7ade et seront visibles depuis l\u2019int\u00e9rieur du quartier.<\/p>\n<p class=\" wall-content\">Suivez toute l\u2019actualit\u00e9 de vos villes et m\u00e9dias favoris en vous inscrivant \u00e0 <a href=\"https:\/\/moncompte.actu.fr\" title=\"D\u00e9couvez Mon Actu\" rel=\"nofollow noopener\" data-trk=\"{&quot;cta&quot;:{&quot;action&quot;:&quot;https:\\\/\\\/moncompte.actu.fr&quot;,&quot;category&quot;:&quot;mon compte&quot;,&quot;from&quot;:&quot;article footer&quot;,&quot;name&quot;:&quot;Mon actu&quot;,&quot;type&quot;:&quot;cta&quot;}}\" target=\"_blank\">Mon Actu<\/a>.<\/p>\n","protected":false},"excerpt":{"rendered":"Par Julien Sournies Publi\u00e9 le 22 mai 2025 \u00e0 12h19 Si vous circuliez sur le p\u00e9riph\u00e9rique lyonnais, vous&hellip;\n","protected":false},"author":2,"featured_media":119273,"comment_status":"","ping_status":"","sticky":false,"template":"","format":"standard","meta":{"footnotes":""},"categories":[1889],"tags":[1111,11,2430,1777,674,1011,27,1757,2428,12,1756,25,104],"class_list":{"0":"post-119272","1":"post","2":"type-post","3":"status-publish","4":"format-standard","5":"has-post-thumbnail","7":"category-lyon","8":"tag-actu","9":"tag-actualites","10":"tag-auvergne-rhone-alpes","11":"tag-eu","12":"tag-europe","13":"tag-fr","14":"tag-france","15":"tag-insolite","16":"tag-lyon","17":"tag-news","18":"tag-photographie","19":"tag-republique-francaise","20":"tag-societe"},"share_on_mastodon":{"url":"https:\/\/pubeurope.com\/@fr\/114551174479897390","error":""},"_links":{"self":[{"href":"https:\/\/www.europesays.com\/fr\/wp-json\/wp\/v2\/posts\/119272","targetHints":{"allow":["GET"]}}],"collection":[{"href":"https:\/\/www.europesays.com\/fr\/wp-json\/wp\/v2\/posts"}],"about":[{"href":"https:\/\/www.europesays.com\/fr\/wp-json\/wp\/v2\/types\/post"}],"author":[{"embeddable":true,"href":"https:\/\/www.europesays.com\/fr\/wp-json\/wp\/v2\/users\/2"}],"replies":[{"embeddable":true,"href":"https:\/\/www.europesays.com\/fr\/wp-json\/wp\/v2\/comments?post=119272"}],"version-history":[{"count":0,"href":"https:\/\/www.europesays.com\/fr\/wp-json\/wp\/v2\/posts\/119272\/revisions"}],"wp:featuredmedia":[{"embeddable":true,"href":"https:\/\/www.europesays.com\/fr\/wp-json\/wp\/v2\/media\/119273"}],"wp:attachment":[{"href":"https:\/\/www.europesays.com\/fr\/wp-json\/wp\/v2\/media?parent=119272"}],"wp:term":[{"taxonomy":"category","embeddable":true,"href":"https:\/\/www.europesays.com\/fr\/wp-json\/wp\/v2\/categories?post=119272"},{"taxonomy":"post_tag","embeddable":true,"href":"https:\/\/www.europesays.com\/fr\/wp-json\/wp\/v2\/tags?post=119272"}],"curies":[{"name":"wp","href":"https:\/\/api.w.org\/{rel}","templated":true}]}}