{"id":119276,"date":"2025-05-22T11:10:09","date_gmt":"2025-05-22T11:10:09","guid":{"rendered":"https:\/\/www.europesays.com\/fr\/119276\/"},"modified":"2025-05-22T11:10:09","modified_gmt":"2025-05-22T11:10:09","slug":"plusieurs-operations-escargot-perturbent-la-circulation-en-ile-de-france","status":"publish","type":"post","link":"https:\/\/www.europesays.com\/fr\/119276\/","title":{"rendered":"plusieurs op\u00e9rations escargot perturbent la circulation en \u00cele-de-France"},"content":{"rendered":"<p>Selon Sytadin, 109km de bouchons \u00e9taient r\u00e9pertori\u00e9s dans la r\u00e9gion, peu avant midi. Un niveau l\u00e9g\u00e8rement sup\u00e9rieur \u00e0 la moyenne. Des mobilisations \u00e9taient aussi en cours ailleurs en France.<\/p>\n<p class=\"fig-paragraph\">Nouveau jour de mobilisation\u00a0<a href=\"http:\/\/www.lefigaro.fr\/conjoncture\/le-ministere-des-transports-propose-de-renforcer-le-controle-des-vtc-pour-apaiser-la-colere-des-taxis-20250521\" data-fig-type=\"NewsFlash\" data-gtm-custom-categorie=\"navigation\" data-gtm-custom-action=\"crossclick\" data-gtm-custom-label=\"Contextuel\" data-gtm-event=\"customEventSPE\" data-fig-domain=\"LEFIGARO\" target=\"_blank\" rel=\"noopener\">pour les taxis<\/a>. Ce jeudi, ces professionnels manifestent \u00e0 nouveau dans les rues d\u2019\u00cele-de-France afin de protester contre la concurrence des VTC, d\u2019une part, et les changements apport\u00e9s \u00e0 la prise en charge des transports sanitaires, d\u2019autre part. Comme les jours pr\u00e9c\u00e9dents, la circulation s\u2019av\u00e8re donc difficile sur certains axes de la r\u00e9gion.<\/p>\n<p class=\"fig-paragraph\">Selon Sytadin, ainsi, 109km de bouchons \u00e9taient r\u00e9pertori\u00e9s, peu avant midi. Un niveau l\u00e9g\u00e8rement sup\u00e9rieur \u00e0 la moyenne. Selon les autorit\u00e9s, la circulation est particuli\u00e8rement embouteill\u00e9e sur la N12 \u00abentre bois d\u2019Arcy et le pont Colbert\u00bb, \u00e0 cause d\u2019une op\u00e9ration escargot. De quoi rallonger le temps de parcours de six \u00e0 quarante minutes. \u00abLe cort\u00e8ge avance \u00e0 tr\u00e8s faible vitesse et occupe l\u2019ensemble des voies de circulation. La circulation est tr\u00e8s difficile en amont du cort\u00e8ge\u00bb, pr\u00e9cise le service r\u00e9gional.<\/p>\n<p>    Plus de 100km d\u2019embouteillages \u00e9taient relev\u00e9s dans la r\u00e9gion peu avant midi.<br \/>\n                Capture d\u2019\u00e9cran Sytadin.<\/p>\n<p class=\"fig-paragraph\">Une mobilisation est \u00e9galement en cours sur l\u2019A13, entre Orgeval et Rocquencourt, ainsi que sur l\u2019A6, entre \u00c9vry-Courcouronnes et Wissous. L\u00e0 encore, des op\u00e9rations escargots occupent l\u2019ensemble des voies vers Paris. De m\u00eame, l\u2019axe menant \u00e0 l\u2019a\u00e9roport Roissy-Charles-de-Gaulle est perturb\u00e9 par un barrage filtrant, sur l\u2019A3, selon le site.<\/p>\n<p class=\"fig-paragraph\">Des manifestations se passent \u00e9galement ailleurs en France, ce jeudi. \u00c0 Marseille, des blocages sont pr\u00e9vus, et la circulation devait \u00eatre difficile \u00abd\u00e8s 7h du matin\u00bb, selon la pr\u00e9fecture. \u00c0 Pau, \u00e9galement, un cort\u00e8ge circulait dans la ville, vers 11h, pr\u00e9venait la police.<\/p>\n<p class=\"fig-body-link\">\n            \u00c0 lire aussi<br \/>\n        <a class=\"fig-body-link__link fig-premium-mark\" href=\"http:\/\/www.lefigaro.fr\/social\/transport-sanitaire-en-taxi-le-plan-de-l-assurance-maladie-pour-lutter-contre-la-fraude-et-les-situations-absurdes-20250515\" data-fig-type=\"Article\" data-gtm-custom-categorie=\"navigation\" data-gtm-custom-action=\"crossclick\" data-gtm-custom-label=\"Contextuel\" data-gtm-event=\"customEventSPE\" data-fig-domain=\"LEFIGARO\" target=\"_blank\" rel=\"noopener\">Transport sanitaire en taxi\u00a0: le plan de l\u2019Assurance-maladie pour lutter contre la fraude et \u00ables situations absurdes\u00bb<br \/>\n    <\/a>\n<\/p>\n<p class=\"fig-paragraph\">L\u2019intersyndicale des taxis a entam\u00e9 lundi une mobilisation massive pour protester contre un projet de nouvelle tarification de l\u2019Assurance maladie sur les transports de malades par des chauffeurs de taxi conventionn\u00e9s. Ces trajets vers les h\u00f4pitaux ou cabinets m\u00e9dicaux repr\u00e9sentent une part essentielle du chiffre d\u2019affaires de nombreux chauffeurs.<\/p>\n<p class=\"fig-paragraph\">Le climat s\u2019est tendu \u00e0 plusieurs reprises avec les forces de l\u2019ordre mais aussi avec les conducteurs de voitures de transport avec chauffeur (VTC). La plateforme de VTC Uber a appel\u00e9 au calme mercredi en regrettant l\u2019agression physique de quatre chauffeurs, \u00abincluant des menaces avec une arme \u00e0 feu, un taser et m\u00eame avec utilisation d\u2019une bombe lacrymog\u00e8ne\u00bb.<\/p>\n","protected":false},"excerpt":{"rendered":"Selon Sytadin, 109km de bouchons \u00e9taient r\u00e9pertori\u00e9s dans la r\u00e9gion, peu avant midi. Un niveau l\u00e9g\u00e8rement sup\u00e9rieur \u00e0&hellip;\n","protected":false},"author":2,"featured_media":119277,"comment_status":"","ping_status":"","sticky":false,"template":"","format":"standard","meta":{"footnotes":""},"categories":[1592],"tags":[1111,11,1117,130,7064,1777,674,638,1011,27,662,1116,342,639,2088,12,626,2551,1118,25,137,9548],"class_list":{"0":"post-119276","1":"post","2":"type-post","3":"status-publish","4":"format-standard","5":"has-post-thumbnail","7":"category-ile-de-france","8":"tag-actu","9":"tag-actualites","10":"tag-assurance","11":"tag-consommation","12":"tag-consommer","13":"tag-eu","14":"tag-europe","15":"tag-figaro","16":"tag-fr","17":"tag-france","18":"tag-ile-de-france","19":"tag-immobilier","20":"tag-impots","21":"tag-le-figaro","22":"tag-manifestation","23":"tag-news","24":"tag-paris","25":"tag-patrimoine","26":"tag-placement","27":"tag-republique-francaise","28":"tag-retraite","29":"tag-taxis"},"share_on_mastodon":{"url":"https:\/\/pubeurope.com\/@fr\/114551182197578247","error":""},"_links":{"self":[{"href":"https:\/\/www.europesays.com\/fr\/wp-json\/wp\/v2\/posts\/119276","targetHints":{"allow":["GET"]}}],"collection":[{"href":"https:\/\/www.europesays.com\/fr\/wp-json\/wp\/v2\/posts"}],"about":[{"href":"https:\/\/www.europesays.com\/fr\/wp-json\/wp\/v2\/types\/post"}],"author":[{"embeddable":true,"href":"https:\/\/www.europesays.com\/fr\/wp-json\/wp\/v2\/users\/2"}],"replies":[{"embeddable":true,"href":"https:\/\/www.europesays.com\/fr\/wp-json\/wp\/v2\/comments?post=119276"}],"version-history":[{"count":0,"href":"https:\/\/www.europesays.com\/fr\/wp-json\/wp\/v2\/posts\/119276\/revisions"}],"wp:featuredmedia":[{"embeddable":true,"href":"https:\/\/www.europesays.com\/fr\/wp-json\/wp\/v2\/media\/119277"}],"wp:attachment":[{"href":"https:\/\/www.europesays.com\/fr\/wp-json\/wp\/v2\/media?parent=119276"}],"wp:term":[{"taxonomy":"category","embeddable":true,"href":"https:\/\/www.europesays.com\/fr\/wp-json\/wp\/v2\/categories?post=119276"},{"taxonomy":"post_tag","embeddable":true,"href":"https:\/\/www.europesays.com\/fr\/wp-json\/wp\/v2\/tags?post=119276"}],"curies":[{"name":"wp","href":"https:\/\/api.w.org\/{rel}","templated":true}]}}