{"id":119278,"date":"2025-05-22T11:11:09","date_gmt":"2025-05-22T11:11:09","guid":{"rendered":"https:\/\/www.europesays.com\/fr\/119278\/"},"modified":"2025-05-22T11:11:09","modified_gmt":"2025-05-22T11:11:09","slug":"la-bretagne-et-lile-de-france-innovent-avec-des-contrats-de-methode","status":"publish","type":"post","link":"https:\/\/www.europesays.com\/fr\/119278\/","title":{"rendered":"la Bretagne et l\u2019\u00cele-de-France innovent avec des contrats de m\u00e9thode"},"content":{"rendered":"<p>Dans la r\u00e9gion bretonne, tout est parti d\u2019un vote d\u00e9favorable du conseil r\u00e9gional sur le projet r\u00e9gional de sant\u00e9 (PRS) 2023-2028, et d\u2019un avis d\u00e9favorable de la conf\u00e9rence r\u00e9gionale de sant\u00e9 et de l\u2019autonomie (CRSA), dont l\u2019un des huit\u00a0coll\u00e8ges repr\u00e9sente les collectivit\u00e9s territoriales. Ce n\u2019\u00e9tait pas le fond du projet que les \u00e9lus r\u00e9gionaux et les acteurs locaux de la d\u00e9mocratie en sant\u00e9 souhaitaient sanctionner, mais son silence sur la m\u00e9thode pour le mettre en \u0153uvre.<\/p>\n<p>\u00ab\u00a0Le PRS avait \u00e9t\u00e9 longuement concert\u00e9 et, au moment d\u2019\u00e9mettre un avis, les membres de la CRSA ont dit\u00a0: \u201cOn a besoin d\u2019une base pour mettre le PRS en pratique\u201d\u00a0\u00bb explique Roland Ollivier, pr\u00e9sident de la CRSA Bretagne, qui pr\u00e9cise\u00a0: \u00ab\u00a0On savait que l\u2019Ile-de-France travaillait d\u00e9j\u00e0 sur un contrat de m\u00e9thode, on s\u2019est dit &#8230;<\/p>\n<p class=\"blocCut__title\">\n\t\t\t\t\t\t\t\t\t[80% reste \u00e0 lire]\n\t\t\t\t\t\t\t<\/p>\n<p class=\"blocCut__title--type2\">Article r\u00e9serv\u00e9 aux abonn\u00e9s<\/p>\n<p class=\"blocCut__title--type3\">Gazette des Communes, Club Sant\u00e9 Social<\/p>\n<p class=\"blocCut__title--type2\">VOUS N&rsquo;\u00eaTES PAS ABONN\u00e9 ?<\/p>\n<p class=\"blocCut__title--type4\">Testez notre Offre D\u00e9couverte Club Sant\u00e9 Social pendant 15 jours<\/p>\n<p>\t\t\t\t\t\t\t\t<a href=\"https:\/\/www.abonnement.infopro-digital.com\/offre-decouverte-du-club-sante-social\/inscription\/623\/3423#xtor=CS5-330-[site_paywall]-[https:\/\/www.lagazettedescommunes.com\/984029\/projet-regional-de-sante-la-bretagne-et-lile-de-france-innovent-avec-des-contrats-de-methode\/]-[page_article]-[a]\" target=\"_blank\" class=\"btn__full buttonTypeA buttonTypeA--1\" rel=\"noopener\">J\u2019en profite<\/a><\/p>\n","protected":false},"excerpt":{"rendered":"Dans la r\u00e9gion bretonne, tout est parti d\u2019un vote d\u00e9favorable du conseil r\u00e9gional sur le projet r\u00e9gional de&hellip;\n","protected":false},"author":2,"featured_media":119279,"comment_status":"","ping_status":"","sticky":false,"template":"","format":"standard","meta":{"footnotes":""},"categories":[1592],"tags":[5646,1111,2344,47,2341,11,2349,829,2340,24025,1777,674,1011,27,24026,662,16243,12,626,1306,25,2343],"class_list":{"0":"post-119278","1":"post","2":"type-post","3":"status-publish","4":"format-standard","5":"has-post-thumbnail","7":"category-ile-de-france","8":"tag-acces-aux-soins","9":"tag-actu","10":"tag-actu-expert-sante-social","11":"tag-actualite","12":"tag-actualite-sante-social","13":"tag-actualites","14":"tag-articles-reserves","15":"tag-bretagne","16":"tag-club-sante-social","17":"tag-contrat-local-de-sante","18":"tag-eu","19":"tag-europe","20":"tag-fr","21":"tag-france","22":"tag-ijarjailles","23":"tag-ile-de-france","24":"tag-innovations-et-territoires","25":"tag-news","26":"tag-paris","27":"tag-regions","28":"tag-republique-francaise","29":"tag-toute-lactu-sante-social"},"share_on_mastodon":{"url":"https:\/\/pubeurope.com\/@fr\/114551186067396468","error":""},"_links":{"self":[{"href":"https:\/\/www.europesays.com\/fr\/wp-json\/wp\/v2\/posts\/119278","targetHints":{"allow":["GET"]}}],"collection":[{"href":"https:\/\/www.europesays.com\/fr\/wp-json\/wp\/v2\/posts"}],"about":[{"href":"https:\/\/www.europesays.com\/fr\/wp-json\/wp\/v2\/types\/post"}],"author":[{"embeddable":true,"href":"https:\/\/www.europesays.com\/fr\/wp-json\/wp\/v2\/users\/2"}],"replies":[{"embeddable":true,"href":"https:\/\/www.europesays.com\/fr\/wp-json\/wp\/v2\/comments?post=119278"}],"version-history":[{"count":0,"href":"https:\/\/www.europesays.com\/fr\/wp-json\/wp\/v2\/posts\/119278\/revisions"}],"wp:featuredmedia":[{"embeddable":true,"href":"https:\/\/www.europesays.com\/fr\/wp-json\/wp\/v2\/media\/119279"}],"wp:attachment":[{"href":"https:\/\/www.europesays.com\/fr\/wp-json\/wp\/v2\/media?parent=119278"}],"wp:term":[{"taxonomy":"category","embeddable":true,"href":"https:\/\/www.europesays.com\/fr\/wp-json\/wp\/v2\/categories?post=119278"},{"taxonomy":"post_tag","embeddable":true,"href":"https:\/\/www.europesays.com\/fr\/wp-json\/wp\/v2\/tags?post=119278"}],"curies":[{"name":"wp","href":"https:\/\/api.w.org\/{rel}","templated":true}]}}