{"id":119288,"date":"2025-05-22T11:16:14","date_gmt":"2025-05-22T11:16:14","guid":{"rendered":"https:\/\/www.europesays.com\/fr\/119288\/"},"modified":"2025-05-22T11:16:14","modified_gmt":"2025-05-22T11:16:14","slug":"russie-lioudmila-84-ans-face-a-ses-juges-pour-avoir-demande-la-paix-actualites","status":"publish","type":"post","link":"https:\/\/www.europesays.com\/fr\/119288\/","title":{"rendered":"Russie: Lioudmila, 84 ans, face \u00e0 ses juges pour avoir demand\u00e9 \u00ab\u00a0la paix\u00a0\u00bb : Actualit\u00e9s"},"content":{"rendered":"<p class=\"lead \">\u00ab\u00a0J&rsquo;ai extr\u00eamement mal pour mon pays\u00a0\u00bb, dit Lioudmila, 84 ans, depuis son appartement de Saint-P\u00e9tersbourg. Survivante du si\u00e8ge de L\u00e9ningrad, elle doit \u00eatre jug\u00e9e \u00e0 cause d&rsquo;une pancarte r\u00e9clamant \u00ab\u00a0la paix\u00a0\u00bb, en pleine offensive russe en Ukraine.<\/p>\n<p class=\"lead \">V\u00eatue d&rsquo;un cardigan bordeaux et soigneusement maquill\u00e9e, Lioudmila Vassilieva, cheveux courts et gris, montre l&rsquo;objet du d\u00e9lit: une pancarte avec un texte \u00e9crit \u00e0 la main, qui lui vaut d&rsquo;\u00eatre jug\u00e9e pour avoir \u00ab\u00a0discr\u00e9dit\u00e9\u00a0\u00bb l&rsquo;arm\u00e9e, comme des milliers d&rsquo;autres depuis le d\u00e9but de l&rsquo;offensive de Moscou en Ukraine en 2022.<\/p>\n<p class=\"lead \">Il y est \u00e9crit en russe: \u00ab\u00a0A tous. Arr\u00eatons la guerre ! Nous sommes responsables de la paix sur Terre !\u00a0\u00bb <\/p>\n<p class=\"lead \">Le tout est sign\u00e9: \u00ab\u00a0Avec amour, Lioudmila, enfant de L\u00e9ningrad assi\u00e9g\u00e9e\u00a0\u00bb, dans une r\u00e9f\u00e9rence compr\u00e9hensible par tous les Russes au terrible si\u00e8ge nazi de L\u00e9ningrad (nom de Saint-P\u00e9tersbourg \u00e0 l&rsquo;\u00e9poque sovi\u00e9tique) pendant la Seconde Guerre mondiale.<\/p>\n<p class=\"lead \">Lioudmila Vassilieva a brandi sa pancarte en mars dernier dans le centre de la deuxi\u00e8me ville de Russie.<\/p>\n<p class=\"lead \">La grand-m\u00e8re de quatre petits-enfants s&rsquo;est rendue coupable d&rsquo;avoir port\u00e9 le \u00ab\u00a0discr\u00e9dit sur l&rsquo;arm\u00e9e\u00a0\u00bb russe. D&rsquo;apr\u00e8s l&rsquo;article 20.3.3 du Code administratif, elle risque une amende allant de 30.000 \u00e0 50.000 roubles (de 330 \u00e0 550 euros, environ).<\/p>\n<p class=\"lead \">Amnesty International, ONG que la Russie a interdite lundi, estimait en 2023 que ce d\u00e9lit est \u00ab\u00a0utilis\u00e9 pour criminaliser l&rsquo;expression de toute opinion critique de l&rsquo;invasion\u00a0\u00bb de l&rsquo;Ukraine.<\/p>\n<p class=\"lead \">&#8211; \u00ab\u00a0Trahison\u00a0\u00bb, \u00ab\u00a0extr\u00e9misme\u00a0\u00bb-<\/p>\n<p class=\"lead \">Le proc\u00e8s de Lioudmila Vassielieva doit avoir lieu vendredi \u00e0 Saint-P\u00e9tersbourg. <\/p>\n<p class=\"lead \">Il s&rsquo;inscrit dans un contexte de r\u00e9pression des voix dissidentes, alors que l&rsquo;offensive russe a fait des dizaines de milliers de morts et bless\u00e9s, civils comme militaires, des deux c\u00f4t\u00e9s. <\/p>\n<p class=\"lead \">Les arrestations pour \u00ab\u00a0espionnage\u00a0\u00bb, \u00ab\u00a0trahison\u00a0\u00bb, \u00ab\u00a0sabotage\u00a0\u00bb, \u00ab\u00a0extr\u00e9misme\u00a0\u00bb ou pour des critiques visant l&rsquo;arm\u00e9e se sont multipli\u00e9es au cours des trois derni\u00e8res ann\u00e9es.<\/p>\n<p class=\"lead \">La justice russe a notamment condamn\u00e9 en novembre dernier \u00e0 cinq ans et demi de prison ferme une p\u00e9diatre \u00e2g\u00e9e de 65 ans de Moscou. Elle \u00e9tait accus\u00e9e par la m\u00e8re d&rsquo;un de ses patients d&rsquo;avoir critiqu\u00e9 l&rsquo;assaut russe en Ukraine au cours d&rsquo;une consultation.<\/p>\n<p class=\"lead \">Lioudmila Vassilieva plaide, elle, la \u00ab\u00a0non-indiff\u00e9rence\u00a0\u00bb pour expliquer son geste. \u00ab\u00a0J&rsquo;ai toujours \u00e9t\u00e9 quelqu&rsquo;un qui n&rsquo;est pas indiff\u00e9rente. J&rsquo;ai toujours \u00e9t\u00e9 du c\u00f4t\u00e9 des faibles, tout comme ma maman\u00a0\u00bb, explique-t-elle.<\/p>\n<p class=\"lead \">Dans son clair et grand appartement de Saint-P\u00e9tersbourg, deux \u00e9l\u00e9gants chats batifolent au milieu des livres. Il y a aussi le portrait de sa m\u00e8re, qui a surv\u00e9cu au si\u00e8ge de L\u00e9ningrad avec cinq enfants sur les bras, dont la petite Lioudmila.<\/p>\n<p class=\"lead \">\u00ab\u00a0Maman disait toujours: +nous pouvons tout supporter, pourvu qu&rsquo;il n&rsquo;y ait pas la guerre+\u00a0\u00bb, dit-elle \u00e0 l&rsquo;AFP, en se rem\u00e9morant cet \u00e9pisode tragique de la Seconde Guerre mondiale au cours duquel entre 600.000 et 1,5 million de personnes sont mortes, de faim pour la plupart. <\/p>\n<p class=\"lead \">\u00ab\u00a0Il arrivait \u00e0 maman de donner son sang pour obtenir une ration suppl\u00e9mentaire\u00a0\u00bb, raconte Lioudmila.<\/p>\n<p class=\"lead \">&#8211; \u00ab\u00a0Je n&rsquo;ai pas peur\u00a0\u00bb &#8211;<\/p>\n<p class=\"lead \">Apr\u00e8s la Seconde Guerre mondiale, \u00ab\u00a0on parlait tout le temps de la paix. Rappelez-vous du pass\u00e9 pour que cela (la guerre, ndlr) ne se reproduise jamais\u00a0\u00bb, lance Lioudmila. <\/p>\n<p class=\"lead \">\u00ab\u00a0Mais aujourd&rsquo;hui, de quoi parle-t-on ?\u00a0\u00bb, demande-t-elle, \u00e9mue, en faisant allusion \u00e0 la rh\u00e9torique du pouvoir russe qui manie un discours aux accents belliqueux.<\/p>\n<p class=\"lead \">Pour Lioudmila, qui \u00e9tait ing\u00e9nieure \u00e0 l&rsquo;\u00e9poque de l&rsquo;URSS, la perestro\u00efka (restructuration) et les r\u00e9formes lanc\u00e9es par Mikha\u00efl Gorbatchev dans les ann\u00e9es 1980 ont constitu\u00e9 une \u00ab\u00a0fen\u00eatre vers la libert\u00e9\u00a0\u00bb. <\/p>\n<p class=\"lead \">Membre du parti ultra-lib\u00e9ral \u00ab\u00a0Choix d\u00e9mocratique\u00a0\u00bb d&rsquo;Egor Ga\u00efdar dans les ann\u00e9es 90, elle dit baigner dans les id\u00e9aux d\u00e9mocratiques depuis toujours et avoir \u00ab\u00a0particip\u00e9 \u00e0 tous les rassemblements d&rsquo;opposition\u00a0\u00bb depuis l&rsquo;arriv\u00e9e de Vladimir Poutine au pouvoir en 2000.<\/p>\n<p class=\"lead \">Son credo est: \u00ab\u00a0Laissez les gens vivre et choisir par eux-m\u00eames ce qu&rsquo;ils veulent. Ne leur imposez rien, je vous en prie\u00a0\u00bb.<\/p>\n<p class=\"lead \">Et l&rsquo;appel \u00e0 la \u00ab\u00a0paix\u00a0\u00bb lanc\u00e9 en plein centre de Saint-P\u00e9tersbourg \u00e9tait non pas adress\u00e9 aux autorit\u00e9s russes mais \u00e0 \u00ab\u00a0tous les gens\u00a0\u00bb, car ce sont eux \u00ab\u00a0qui peuvent avoir de l&rsquo;influence et arr\u00eater\u00a0\u00bb le conflit, affirme Lioudmila, qui se dit persuad\u00e9e que des \u00ab\u00a0gens ont \u00e9t\u00e9 intimid\u00e9s\u00a0\u00bb r\u00e9cemment, sans d\u00e9tailler. <\/p>\n<p class=\"lead \">\u00ab\u00a0Quant \u00e0 moi, j&rsquo;ai d\u00e9j\u00e0 84 ans. Je n&rsquo;ai pas peur\u00a0\u00bb, conclut-elle.<\/p>\n<p class=\"small font-weight-bold text-gray3 \"> publi\u00e9 le 22 mai \u00e0 12h02, AFP<\/p>\n<p>                             Partager<\/p>\n","protected":false},"excerpt":{"rendered":"\u00ab\u00a0J&rsquo;ai extr\u00eamement mal pour mon pays\u00a0\u00bb, dit Lioudmila, 84 ans, depuis son appartement de Saint-P\u00e9tersbourg. Survivante du si\u00e8ge&hellip;\n","protected":false},"author":2,"featured_media":119289,"comment_status":"","ping_status":"","sticky":false,"template":"","format":"standard","meta":{"footnotes":""},"categories":[1591],"tags":[11,1887,937,12,316,1885,1886,132,3693,220],"class_list":{"0":"post-119288","1":"post","2":"type-post","3":"status-publish","4":"format-standard","5":"has-post-thumbnail","7":"category-russie","8":"tag-actualites","9":"tag-federation-de-russie","10":"tag-histoire","11":"tag-news","12":"tag-politique","13":"tag-russia","14":"tag-russian-federation","15":"tag-russie","16":"tag-tribunal","17":"tag-ukraine"},"share_on_mastodon":{"url":"https:\/\/pubeurope.com\/@fr\/114551205691145101","error":""},"_links":{"self":[{"href":"https:\/\/www.europesays.com\/fr\/wp-json\/wp\/v2\/posts\/119288","targetHints":{"allow":["GET"]}}],"collection":[{"href":"https:\/\/www.europesays.com\/fr\/wp-json\/wp\/v2\/posts"}],"about":[{"href":"https:\/\/www.europesays.com\/fr\/wp-json\/wp\/v2\/types\/post"}],"author":[{"embeddable":true,"href":"https:\/\/www.europesays.com\/fr\/wp-json\/wp\/v2\/users\/2"}],"replies":[{"embeddable":true,"href":"https:\/\/www.europesays.com\/fr\/wp-json\/wp\/v2\/comments?post=119288"}],"version-history":[{"count":0,"href":"https:\/\/www.europesays.com\/fr\/wp-json\/wp\/v2\/posts\/119288\/revisions"}],"wp:featuredmedia":[{"embeddable":true,"href":"https:\/\/www.europesays.com\/fr\/wp-json\/wp\/v2\/media\/119289"}],"wp:attachment":[{"href":"https:\/\/www.europesays.com\/fr\/wp-json\/wp\/v2\/media?parent=119288"}],"wp:term":[{"taxonomy":"category","embeddable":true,"href":"https:\/\/www.europesays.com\/fr\/wp-json\/wp\/v2\/categories?post=119288"},{"taxonomy":"post_tag","embeddable":true,"href":"https:\/\/www.europesays.com\/fr\/wp-json\/wp\/v2\/tags?post=119288"}],"curies":[{"name":"wp","href":"https:\/\/api.w.org\/{rel}","templated":true}]}}