{"id":119303,"date":"2025-05-22T11:24:11","date_gmt":"2025-05-22T11:24:11","guid":{"rendered":"https:\/\/www.europesays.com\/fr\/119303\/"},"modified":"2025-05-22T11:24:11","modified_gmt":"2025-05-22T11:24:11","slug":"le-recit-de-la-fusillade-mortelle-devant-le-musee-juif-de-washington","status":"publish","type":"post","link":"https:\/\/www.europesays.com\/fr\/119303\/","title":{"rendered":"le r\u00e9cit de la fusillade mortelle devant le mus\u00e9e juif de Washington"},"content":{"rendered":"<p>Les \u00c9tats-Unis ont \u00e9t\u00e9 th\u00e9\u00e2tre mercredi soir d\u2019une attaque gla\u00e7ante, tout pr\u00e8s de la Maison-Blanche. Un jeune couple a \u00e9t\u00e9 abattu par un homme qui scandait \u00abFree Palestine\u00bb et s\u2019est fait passer, dans un premier temps, pour un t\u00e9moin du crime.<\/p>\n<p class=\"fig-paragraph\">La soir\u00e9e \u00e9tait fra\u00eeche \u00e0 Washington ce mercredi soir. Quelques averses \u00e9parses mouillaient les trottoirs. C\u2019est pourtant v\u00eatu d\u2019une simple chemise rose et d\u2019une veste cr\u00e8me, un peu passe-partout, qu\u2019est sorti\u00a0<a href=\"http:\/\/www.lefigaro.fr\/international\/fusillade-devant-le-musee-juif-de-washington-qui-est-elias-rodriguez-le-principal-suspect-20250522\" target=\"_blank\" data-fig-type=\"NewsFlash\" rel=\"noopener nofollow\" data-gtm-custom-categorie=\"navigation\" data-gtm-custom-action=\"crossclick\" data-gtm-custom-label=\"Contextuel\" data-gtm-event=\"customEventSPE\" data-fig-domain=\"LEFIGARO\">Elias Rodriguez<\/a>. Le jeune Am\u00e9ricain de 31 ans, barbe taill\u00e9e et lunettes rondes, s\u2019est dirig\u00e9 vers le quartier Northwest de Washington. Arriv\u00e9 devant le Mus\u00e9e juif de la capitale, il s\u2019est arr\u00eat\u00e9 devant le b\u00e2timent de briques rouges, ouvert dans les ann\u00e9es 1990 et qui se dresse \u00e0 quelques pas du bureau du FBI, non loin du Capitole.<\/p>\n<p class=\"fig-paragraph\">Il est environ 21 heures. Sans entrer, le jeune homme est rest\u00e9 sur le parvis o\u00f9 il fait les cent pas. Le mus\u00e9e est particuli\u00e8rement anim\u00e9 ce soir-l\u00e0. L\u2019organisation juive American Jewish Committe (AJC) y tient une r\u00e9ception. L\u2019\u00e9v\u00e9nement, qui r\u00e9unit principalement des diplomates de diff\u00e9rentes ambassades, vise \u00e0 discuter d\u2019une collaboration entre organisations multiconfessionnelles pour apporter une aide humanitaire aux r\u00e9gions en conflit. Dont Gaza.<\/p>\n<p class=\"fig-paragraph\">Parmi\u2026<\/p>\n<p class=\"fig-premium-paywall__infos\">\n        Cet article est r\u00e9serv\u00e9 aux abonn\u00e9s.        Il vous reste 73% \u00e0 d\u00e9couvrir.\n    <\/p>\n<p>                <img  data- alt=\"Le Figaro\" class=\"fig-img--complete fig-img\"\/><\/p>\n<p class=\"fig-premium-paywall__title\">Vente Flash<\/p>\n<p class=\"fig-premium-paywall__subtitle\">4,99\u20ac par mois pendant 12 mois. Sans engagement.<\/p>\n<p class=\"fig-premium-paywall__connect\">\n                D\u00e9j\u00e0 abonn\u00e9\u00a0?                <a class=\"fig-premium-paywall__connect-link\" href=\"https:\/\/connect.lefigaro.fr\/login?client=horizon_web&amp;type=main&amp;redirect_uri=https%3A%2F%2Fwww.lefigaro.fr%2Finternational%2Fje-l-ai-fait-je-l-ai-fait-pour-gaza-le-recit-de-la-fusillade-mortelle-devant-le-musee-juif-de-washington-20250522\" data-js-gtm=\"{&quot;customCategorie&quot;: &quot;conversion&quot;, &quot;customAction&quot;: &quot;before_Landing_Connexion_paywall_auto&quot;, &quot;customLabel&quot;: &quot;bGVmaWdhcm8uZnJfXzFmMDM2ZGZmLTlhZmEtNjlkNi1hNTc3LTY1NTY4ZmIyYmEzMV9fQXJ0aWNsZQ==_\u00abJe l\u2019ai fait, je l\u2019ai fait pour Gaza\u00bb\u00a0: le r\u00e9cit de la fusillade mortelle devant le mus\u00e9e juif de Washington_3&quot;, &quot;customIDSPE&quot;: &quot;bGVmaWdhcm8uZnJfXzFmMDM2ZGZmLTlhZmEtNjlkNi1hNTc3LTY1NTY4ZmIyYmEzMV9fQXJ0aWNsZQ==&quot;, &quot;event&quot;: &quot;customEventSPE&quot;}\" rel=\"nofollow noopener\" target=\"_blank\"><br \/>\n                    Connectez-vous<br \/>\n                <\/a>\n            <\/p>\n","protected":false},"excerpt":{"rendered":"Les \u00c9tats-Unis ont \u00e9t\u00e9 th\u00e9\u00e2tre mercredi soir d\u2019une attaque gla\u00e7ante, tout pr\u00e8s de la Maison-Blanche. Un jeune couple&hellip;\n","protected":false},"author":2,"featured_media":119304,"comment_status":"","ping_status":"","sticky":false,"template":"","format":"standard","meta":{"footnotes":""},"categories":[2],"tags":[259,11,260,834,1011,27,14,261,12,262,25,2744],"class_list":{"0":"post-119303","1":"post","2":"type-post","3":"status-publish","4":"format-standard","5":"has-post-thumbnail","7":"category-actualites","8":"tag-actualite-internationale","9":"tag-actualites","10":"tag-affaires-etrangeres","11":"tag-attaque","12":"tag-fr","13":"tag-france","14":"tag-international","15":"tag-ministere-des-affaires-etrangeres","16":"tag-news","17":"tag-politique-etrangere","18":"tag-republique-francaise","19":"tag-washington"},"share_on_mastodon":{"url":"https:\/\/pubeurope.com\/@fr\/114551237135882438","error":""},"_links":{"self":[{"href":"https:\/\/www.europesays.com\/fr\/wp-json\/wp\/v2\/posts\/119303","targetHints":{"allow":["GET"]}}],"collection":[{"href":"https:\/\/www.europesays.com\/fr\/wp-json\/wp\/v2\/posts"}],"about":[{"href":"https:\/\/www.europesays.com\/fr\/wp-json\/wp\/v2\/types\/post"}],"author":[{"embeddable":true,"href":"https:\/\/www.europesays.com\/fr\/wp-json\/wp\/v2\/users\/2"}],"replies":[{"embeddable":true,"href":"https:\/\/www.europesays.com\/fr\/wp-json\/wp\/v2\/comments?post=119303"}],"version-history":[{"count":0,"href":"https:\/\/www.europesays.com\/fr\/wp-json\/wp\/v2\/posts\/119303\/revisions"}],"wp:featuredmedia":[{"embeddable":true,"href":"https:\/\/www.europesays.com\/fr\/wp-json\/wp\/v2\/media\/119304"}],"wp:attachment":[{"href":"https:\/\/www.europesays.com\/fr\/wp-json\/wp\/v2\/media?parent=119303"}],"wp:term":[{"taxonomy":"category","embeddable":true,"href":"https:\/\/www.europesays.com\/fr\/wp-json\/wp\/v2\/categories?post=119303"},{"taxonomy":"post_tag","embeddable":true,"href":"https:\/\/www.europesays.com\/fr\/wp-json\/wp\/v2\/tags?post=119303"}],"curies":[{"name":"wp","href":"https:\/\/api.w.org\/{rel}","templated":true}]}}