{"id":119311,"date":"2025-05-22T11:29:07","date_gmt":"2025-05-22T11:29:07","guid":{"rendered":"https:\/\/www.europesays.com\/fr\/119311\/"},"modified":"2025-05-22T11:29:07","modified_gmt":"2025-05-22T11:29:07","slug":"atp-geneve-corretja-sinquiete-pour-djokovic-si-novak-ne-gagne-pas-lun-des-grands-evenements-je-ne-suis-pas-sur-quil-retrouvera-sa-motivation","status":"publish","type":"post","link":"https:\/\/www.europesays.com\/fr\/119311\/","title":{"rendered":"ATP &#8211; Gen\u00e8ve > Corretja s&rsquo;inqui\u00e8te pour Djokovic : \u00ab\u00a0Si Novak ne gagne pas l&rsquo;un des grands \u00e9v\u00e9nements, je ne suis pas s\u00fbr qu&rsquo;il retrouvera sa motivation.\u00a0\u00bb"},"content":{"rendered":"<p>Invit\u00e9 \u00e0 donner son ressenti sur la possible fin de carri\u00e8re de Novak Djokovic sur <strong>TNT Sport<\/strong>, Alex Corretja, ancien num\u00e9ro 2 mondial, reste convaincu que la r\u00e9us\u00adsite du Serbe ne d\u00e9pendra aucu\u00adne\u00adment de son coach, mais bel et bien de sa moti\u00adva\u00adtion personnelle.\u00a0<\/p>\n<p>Une qu\u00eate vers laquelle l\u2019ATP 250 de Gen\u00e8ve, dans lequel le cham\u00adpion olym\u00adpique \u00e9volue vers les quarts de finale, pour\u00adrait bien \u00eatre un tournoi utile.<\/p>\n<blockquote class=\"twitter-tweet\">\n<p lang=\"en\" dir=\"ltr\">Corretja\u00a0:<br \/>\u00ab\u202fI think Novak knows better than anyone else that the moti\u00adva\u00adtion doesn\u2019t come from outside. It comes from inside.\u202f\u00bb<br \/>\u00ab\u202fThat\u2019s why I think he needs to keep on going, sear\u00adching inside again and see what he feels he can still achieve.\u00ab\u202f<\/p>\n<p>Idemo Nole\u202f!<a href=\"https:\/\/t.co\/rFVflZ84ad\" data-wpel-link=\"external\" target=\"_blank\" rel=\"nofollow external noopener\">https:\/\/t.co\/rFVflZ84ad<\/a> <a href=\"https:\/\/t.co\/QYMr0Jevtm\" data-wpel-link=\"external\" target=\"_blank\" rel=\"nofollow external noopener\">pic.twitter.com\/QYMr0Jevtm<\/a><\/p>\n<p>\u2014 C Kristj\u00e1nsd\u00f3ttir \u25cf\ud83d\udc0a (@CristinaNcl) <a href=\"https:\/\/twitter.com\/CristinaNcl\/status\/1925488927416197440?ref_src=twsrc%5Etfw\" data-wpel-link=\"external\" target=\"_blank\" rel=\"nofollow external noopener\">May 22,\u00a02025<\/a><\/p><\/blockquote>\n<p><strong>\u00ab\u202fIl ne s\u2019agit pas d\u2019Andy Murray, d\u2019Andr\u00e9 Agassi, de Pete Sampras, de Rafa Nadal ou de Roger Federer. Il s\u2019agit des senti\u00adments de Novak Djokovic. C\u2019est pour\u00adquoi je pense qu\u2019il doit conti\u00adnuer \u00e0 aller de l\u2019avant, \u00e0 cher\u00adcher \u00e0 l\u2019in\u00adt\u00e9\u00adrieur de lui et \u00e0 voir ce qu\u2019il pense pouvoir encore accom\u00adplir. Je pense que c\u2019est une saison impor\u00adtante pour Novak. S\u2019il ne gagne pas un grand \u00e9v\u00e9ne\u00adment ou l\u2019un des grands \u00e9v\u00e9ne\u00adments, je ne suis pas s\u00fbr qu\u2019il retrou\u00advera\u00a0sa\u00a0motivation.\u202f\u00bb<\/strong><\/p>\n<p class=\"post-published-date\" style=\"color: silver; font-size: 75%; text-align: left;\">Publi\u00e9 le jeudi 22 mai 2025 \u00e0 11:15<\/p>\n<p><script async src=\"https:\/\/platform.twitter.com\/widgets.js\" charset=\"utf-8\"><\/script><\/p>\n","protected":false},"excerpt":{"rendered":"Invit\u00e9 \u00e0 donner son ressenti sur la possible fin de carri\u00e8re de Novak Djokovic sur TNT Sport, Alex&hellip;\n","protected":false},"author":2,"featured_media":45655,"comment_status":"","ping_status":"","sticky":false,"template":"","format":"standard","meta":{"footnotes":""},"categories":[1415],"tags":[18937,4737,24027,105,2199,1011,27,1960,60,1467],"class_list":{"0":"post-119311","1":"post","2":"type-post","3":"status-publish","4":"format-standard","5":"has-post-thumbnail","7":"category-tennis","8":"tag-agassi","9":"tag-andy-murray","10":"tag-corretja","11":"tag-djokovic","12":"tag-federer","13":"tag-fr","14":"tag-france","15":"tag-nadal","16":"tag-sports","17":"tag-tennis"},"share_on_mastodon":{"url":"https:\/\/pubeurope.com\/@fr\/114551256715698999","error":""},"_links":{"self":[{"href":"https:\/\/www.europesays.com\/fr\/wp-json\/wp\/v2\/posts\/119311","targetHints":{"allow":["GET"]}}],"collection":[{"href":"https:\/\/www.europesays.com\/fr\/wp-json\/wp\/v2\/posts"}],"about":[{"href":"https:\/\/www.europesays.com\/fr\/wp-json\/wp\/v2\/types\/post"}],"author":[{"embeddable":true,"href":"https:\/\/www.europesays.com\/fr\/wp-json\/wp\/v2\/users\/2"}],"replies":[{"embeddable":true,"href":"https:\/\/www.europesays.com\/fr\/wp-json\/wp\/v2\/comments?post=119311"}],"version-history":[{"count":0,"href":"https:\/\/www.europesays.com\/fr\/wp-json\/wp\/v2\/posts\/119311\/revisions"}],"wp:featuredmedia":[{"embeddable":true,"href":"https:\/\/www.europesays.com\/fr\/wp-json\/wp\/v2\/media\/45655"}],"wp:attachment":[{"href":"https:\/\/www.europesays.com\/fr\/wp-json\/wp\/v2\/media?parent=119311"}],"wp:term":[{"taxonomy":"category","embeddable":true,"href":"https:\/\/www.europesays.com\/fr\/wp-json\/wp\/v2\/categories?post=119311"},{"taxonomy":"post_tag","embeddable":true,"href":"https:\/\/www.europesays.com\/fr\/wp-json\/wp\/v2\/tags?post=119311"}],"curies":[{"name":"wp","href":"https:\/\/api.w.org\/{rel}","templated":true}]}}