{"id":119322,"date":"2025-05-22T11:36:11","date_gmt":"2025-05-22T11:36:11","guid":{"rendered":"https:\/\/www.europesays.com\/fr\/119322\/"},"modified":"2025-05-22T11:36:11","modified_gmt":"2025-05-22T11:36:11","slug":"un-petit-appartement-contemporain-qui-joue-avec-la-lumiere","status":"publish","type":"post","link":"https:\/\/www.europesays.com\/fr\/119322\/","title":{"rendered":"Un petit appartement contemporain qui joue avec la lumi\u00e8re"},"content":{"rendered":"<p>L&rsquo;immeuble est situ\u00e9 dans le quartier moderne de Podil. Ce quartier, autrefois industriel, est devenu un p\u00f4le urbain dynamique, r\u00e9put\u00e9 pour sa vie sociale anim\u00e9e et son architecture contemporaine. Situ\u00e9 sur les bords du Dniepr, Podil est aussi l&rsquo;un des quartiers les plus anciens et les plus importants de Kiev, il \u00e9tait autrefois le centre commercial et artisanal de la ville, abritant marchands, artisans et \u00e9rudits. Aujourd&rsquo;hui, il allie charme s\u00e9culaire et modernit\u00e9, ce qui en fait l&rsquo;un des quartiers les plus \u00e9nergique de Kiev. \u00ab L&rsquo;appartement fait partie d\u2019un complexe r\u00e9sidentiel con\u00e7u selon une approche de d\u00e9veloppement urbain <a href=\"https:\/\/www.admagazine.fr\/article\/maison-surrealiste-architecture-durable\" target=\"_blank\" rel=\"noopener\">durable<\/a>, confient Victoria Karieva, designeuse en chef et cofondatrice avec Andrii Anisimov de l&rsquo;agence Between the Walls. Achev\u00e9 en 2020, il dispose d&rsquo;un syst\u00e8me d&rsquo;approvisionnement en eau filtr\u00e9e d\u00e9di\u00e9, d&rsquo;une station de tri des d\u00e9chets, d&rsquo;une unit\u00e9 de compostage et d&rsquo;un espace v\u00e9g\u00e9tal compos\u00e9 d&rsquo;esp\u00e8ces locales et r\u00e9sistantes \u2013 une vision raisonn\u00e9e et avant-gardiste de la vie urbaine. \u00bb Compact, l&rsquo;appartement mesure 37 m\u00b2 r\u00e9partis selon un <a href=\"https:\/\/www.admagazine.fr\/article\/montreuil-petit-espace-post-moderne-minimaliste\" target=\"_blank\" rel=\"noopener\">plan ouvert<\/a> int\u00e9grant toutes les fonctions essentielles : salon, cuisine, salle de bains et, luxe supr\u00eame dans un petit espace, une pi\u00e8ce polyvalente et modulable qui fait fonction de buanderie.<\/p>\n<p>B\u00e9ton, verre, bois clair, m\u00e9tal : c&rsquo;est cette richesse de mat\u00e9riaux bruts qui donne son cachet \u00e0 ce 37 m2 r\u00e9alis\u00e9 par l&rsquo;agence ukrainienne Between The Walls, \u00e0 Kiev. Les murs en pav\u00e9 de verres permettent \u00e0 la lumi\u00e8re du jour de circuler. Associ\u00e9s aux gaines \u00e9lectriques assum\u00e9es, ils apportent ils apportent un c\u00f4t\u00e9 sinon industriel, en tout cas tertiaire \u00e0 l&rsquo;atmosph\u00e8re des lieux.<\/p>\n<p>Kateryna Zolotukhina<\/p>\n<p><strong>Dynamique et modulable<\/strong><\/p>\n<p>\u00ab Le propri\u00e9taire travaille dans la tech, poursuit la designeuse. Il souhaitait une atmosph\u00e8re tout en modernit\u00e9 et influences multiples qui refl\u00e8te sa personnalit\u00e9 et son style de vie dynamique. Passionn\u00e9 d&rsquo;art contemporain et collectionneur \u00e9mergent, son univers professionnel est structur\u00e9 et pr\u00e9cis, il consacre son temps libre \u00e0 s&rsquo;immerger dans l&rsquo;\u00e9nergie cr\u00e9ative de la rue Kyrylivska, ses nouveaux lieux et le paysage culturel en constante \u00e9volution de Podil. \u00bb Mais avant tout, Between The Walls doit tenir compte de la configuration de l&rsquo;appartement et de ses contraintes d&rsquo;espace, des modifications structurelles n&rsquo;\u00e9tant pas envisageables. L\u2019agence s\u2019inspire donc des mod\u00e8les d\u2019habitat urbain \u00e0 forte densit\u00e9, notamment au <a href=\"https:\/\/www.admagazine.fr\/article\/athenes-petit-espace-japonais\" target=\"_blank\" rel=\"noopener\">Japon<\/a> et au Congo, o\u00f9 l&rsquo;optimisation de l&rsquo;espace est primordiale afin d\u2019offrir le plus de fonctionnalit\u00e9 sans compromettre l&rsquo;esth\u00e9tique. Le caract\u00e8re industriel de l&rsquo;architecture sovi\u00e9tique joue aussi son r\u00f4le, le modernisme et le constructivisme, qui empruntaient eux-m\u00eames des \u00e9l\u00e9ments \u00e0 l&rsquo;architecture japonaise, fournissant une base structurelle et conceptuelle. Les <a href=\"https:\/\/www.admagazine.fr\/galerie\/cloisonner-petit-espace-solutions\" target=\"_blank\" rel=\"noopener\">cloisons amovibles<\/a>, inspir\u00e9es des int\u00e9rieurs japonais traditionnels, deviennent un \u00e9l\u00e9ment cl\u00e9 de cet int\u00e9rieur revisit\u00e9, \u00e9cho \u00e0 cette architecture o\u00f9 les murs se d\u00e9placent pour red\u00e9finir les espaces, cr\u00e9ant un environnement en constante \u00e9volution.<\/p>\n","protected":false},"excerpt":{"rendered":"L&rsquo;immeuble est situ\u00e9 dans le quartier moderne de Podil. Ce quartier, autrefois industriel, est devenu un p\u00f4le urbain&hellip;\n","protected":false},"author":2,"featured_media":119323,"comment_status":"","ping_status":"","sticky":false,"template":"","format":"standard","meta":{"footnotes":""},"categories":[1358],"tags":[1348,1384,1385,1386,58,59,1011,27,9986,220],"class_list":{"0":"post-119322","1":"post","2":"type-post","3":"status-publish","4":"format-standard","5":"has-post-thumbnail","7":"category-arts-et-design","8":"tag-arts","9":"tag-arts-and-design","10":"tag-arts-et-design","11":"tag-design","12":"tag-divertissement","13":"tag-entertainment","14":"tag-fr","15":"tag-france","16":"tag-petits-espaces","17":"tag-ukraine"},"share_on_mastodon":{"url":"","error":""},"_links":{"self":[{"href":"https:\/\/www.europesays.com\/fr\/wp-json\/wp\/v2\/posts\/119322","targetHints":{"allow":["GET"]}}],"collection":[{"href":"https:\/\/www.europesays.com\/fr\/wp-json\/wp\/v2\/posts"}],"about":[{"href":"https:\/\/www.europesays.com\/fr\/wp-json\/wp\/v2\/types\/post"}],"author":[{"embeddable":true,"href":"https:\/\/www.europesays.com\/fr\/wp-json\/wp\/v2\/users\/2"}],"replies":[{"embeddable":true,"href":"https:\/\/www.europesays.com\/fr\/wp-json\/wp\/v2\/comments?post=119322"}],"version-history":[{"count":0,"href":"https:\/\/www.europesays.com\/fr\/wp-json\/wp\/v2\/posts\/119322\/revisions"}],"wp:featuredmedia":[{"embeddable":true,"href":"https:\/\/www.europesays.com\/fr\/wp-json\/wp\/v2\/media\/119323"}],"wp:attachment":[{"href":"https:\/\/www.europesays.com\/fr\/wp-json\/wp\/v2\/media?parent=119322"}],"wp:term":[{"taxonomy":"category","embeddable":true,"href":"https:\/\/www.europesays.com\/fr\/wp-json\/wp\/v2\/categories?post=119322"},{"taxonomy":"post_tag","embeddable":true,"href":"https:\/\/www.europesays.com\/fr\/wp-json\/wp\/v2\/tags?post=119322"}],"curies":[{"name":"wp","href":"https:\/\/api.w.org\/{rel}","templated":true}]}}