{"id":119356,"date":"2025-05-22T11:54:08","date_gmt":"2025-05-22T11:54:08","guid":{"rendered":"https:\/\/www.europesays.com\/fr\/119356\/"},"modified":"2025-05-22T11:54:08","modified_gmt":"2025-05-22T11:54:08","slug":"cest-au-croisement-entre-lopera-le-drag-show-et-le-spectacle-contemporain-la-gagnante-du-concours-drag-france-2025-don-giovanna-arrive-a-toulon","status":"publish","type":"post","link":"https:\/\/www.europesays.com\/fr\/119356\/","title":{"rendered":"\u00ab\u00a0C\u2019est au croisement entre l\u2019op\u00e9ra, le drag show et le spectacle contemporain\u00a0\u00bb: la gagnante du concours Drag France 2025, Don Giovanna, arrive \u00e0 Toulon"},"content":{"rendered":"<p>Qui aurait cru qu\u2019un ancien employ\u00e9 de l\u2019h\u00f4tellerie de luxe deviendrait la \u00ab\u00a0queen r\u00e9gnante\u00a0\u00bb de l\u2019ann\u00e9e? Don Giovanna, la gagnante du concours Drag France 2025, organis\u00e9 en f\u00e9vrier dernier pr\u00e8s de Lyon, est \u00e0 retrouver au T\u00e9l\u00e9graphe, \u00e0 Toulon, ce samedi 24 mai, avec son spectacle Don Giovanna &#8211; Act 1. Son show, d\u00e9crit comme un \u00ab\u00a0cocktail d\u2019explosion\u00a0\u00bb, m\u00eale airs d\u2019op\u00e9ra (de Purcell \u00e0 Rameau en passant par Bellini) et tubes pop (Lady Gaga et Doja Cat), le tout saupoudr\u00e9 de danse et de vid\u00e9os projet\u00e9es.<\/p>\n<p>\u00ab\u00a0C\u2019est au croisement entre l\u2019op\u00e9ra, le drag show et le spectacle contemporain\u00a0\u00bb, r\u00e9sume l\u2019artiste. Et c\u00f4t\u00e9 looks, pas question de faire les choses \u00e0 moiti\u00e9: \u00ab\u00a0Ce sont des artistes marseillais qui s\u2019en occupent, dont Leo Peralta qui a fait un travail dingue sur pas mal de mes tenues (&#8230;) Moi, pour le moment, je customise, je ne suis pas encore assez dou\u00e9e \u00e0 la machine. Ma grand-m\u00e8re m\u2019apprend, mais c\u2019est long.\u00a0\u00bb Ses premiers pas sur sc\u00e8ne? \u00ab\u00a0D\u2019abord du th\u00e9\u00e2tre, et ensuite le chant lyrique au conservatoire de Marseille\u00a0\u00bb, r\u00e9sume l\u2019artiste \u00e0 la tessiture baryton.<\/p>\n<p>                                Le drag, la plus sinc\u00e8re des impostures<\/p>\n<p>Si Don Giovanna brille sur sc\u00e8ne, elle assume aussi pleinement la dimension politique de son art. \u00ab\u00a0\u00catre en drag dans la rue, porter des faux cils, c\u2019est un acte politique\u00a0\u00bb, lance-t-elle. Entre regards bienveillants et r\u00e9actions moins tol\u00e9rantes, elle pr\u00e9f\u00e8re retenir les bons moments. \u00ab\u00a0Des enfants qui m\u2019offrent des fleurs, des personnes \u00e2g\u00e9es qui me demandent o\u00f9 j\u2019ai achet\u00e9 mes perruques\u2026 Dans ces moments, je me dis: tu as servi \u00e0 quelque chose.\u00a0\u00bb <\/p>\n<p>Quant \u00e0 l\u2019\u00e9mission RuPaul\u2019s Drag Race, l\u2019artiste reconna\u00eet son impact: \u00ab\u00a0\u00c7a a permis de d\u00e9mocratiser l\u2019art du drag, mais \u00e7a a aussi mis la barre tr\u00e8s haut. Le public s\u2019attend maintenant \u00e0 voir ce qu\u2019il voit \u00e0 la t\u00e9l\u00e9.\u00a0\u00bb En attendant, Don Giovanna continue de bousculer les codes, prouvant que le drag est bien plus qu\u2019un art de l\u2019apparence: \u00ab\u00a0Quand je suis sur sc\u00e8ne, j\u2019ai l\u2019impression d\u2019enlever mon masque, d\u2019\u00eatre moi-m\u00eame au plus intime.\u00a0\u00bb<\/p>\n<p>Don Giovanna &#8211; Act 1 est un spectacle \u00e0 ne pas rater, sauf si vous avez peur de vous faire voler la vedette par une reine aussi talentueuse que charismatique.<\/p>\n<p>Samedi 24 mai \u00e0 20h30. T\u00e9l\u00e9graphe, \u00e0 Toulon. 15 euros.<\/p>\n","protected":false},"excerpt":{"rendered":"Qui aurait cru qu\u2019un ancien employ\u00e9 de l\u2019h\u00f4tellerie de luxe deviendrait la \u00ab\u00a0queen r\u00e9gnante\u00a0\u00bb de l\u2019ann\u00e9e? Don Giovanna,&hellip;\n","protected":false},"author":2,"featured_media":119357,"comment_status":"","ping_status":"","sticky":false,"template":"","format":"standard","meta":{"footnotes":""},"categories":[9619],"tags":[1111,11,1348,251,5972,1777,674,1011,27,12,882,25,2310],"class_list":{"0":"post-119356","1":"post","2":"type-post","3":"status-publish","4":"format-standard","5":"has-post-thumbnail","7":"category-toulon","8":"tag-actu","9":"tag-actualites","10":"tag-arts","11":"tag-culture","12":"tag-danse","13":"tag-eu","14":"tag-europe","15":"tag-fr","16":"tag-france","17":"tag-news","18":"tag-provence-alpes-cote-dazur","19":"tag-republique-francaise","20":"tag-toulon"},"share_on_mastodon":{"url":"https:\/\/pubeurope.com\/@fr\/114551355070242271","error":""},"_links":{"self":[{"href":"https:\/\/www.europesays.com\/fr\/wp-json\/wp\/v2\/posts\/119356","targetHints":{"allow":["GET"]}}],"collection":[{"href":"https:\/\/www.europesays.com\/fr\/wp-json\/wp\/v2\/posts"}],"about":[{"href":"https:\/\/www.europesays.com\/fr\/wp-json\/wp\/v2\/types\/post"}],"author":[{"embeddable":true,"href":"https:\/\/www.europesays.com\/fr\/wp-json\/wp\/v2\/users\/2"}],"replies":[{"embeddable":true,"href":"https:\/\/www.europesays.com\/fr\/wp-json\/wp\/v2\/comments?post=119356"}],"version-history":[{"count":0,"href":"https:\/\/www.europesays.com\/fr\/wp-json\/wp\/v2\/posts\/119356\/revisions"}],"wp:featuredmedia":[{"embeddable":true,"href":"https:\/\/www.europesays.com\/fr\/wp-json\/wp\/v2\/media\/119357"}],"wp:attachment":[{"href":"https:\/\/www.europesays.com\/fr\/wp-json\/wp\/v2\/media?parent=119356"}],"wp:term":[{"taxonomy":"category","embeddable":true,"href":"https:\/\/www.europesays.com\/fr\/wp-json\/wp\/v2\/categories?post=119356"},{"taxonomy":"post_tag","embeddable":true,"href":"https:\/\/www.europesays.com\/fr\/wp-json\/wp\/v2\/tags?post=119356"}],"curies":[{"name":"wp","href":"https:\/\/api.w.org\/{rel}","templated":true}]}}