{"id":119362,"date":"2025-05-22T11:57:07","date_gmt":"2025-05-22T11:57:07","guid":{"rendered":"https:\/\/www.europesays.com\/fr\/119362\/"},"modified":"2025-05-22T11:57:07","modified_gmt":"2025-05-22T11:57:07","slug":"reparations-gratuites-parade-festive-challenges-voici-la-deuxieme-fete-du-velo-de-rouen","status":"publish","type":"post","link":"https:\/\/www.europesays.com\/fr\/119362\/","title":{"rendered":"R\u00e9parations gratuites, parade festive, challenges&#8230; Voici la deuxi\u00e8me f\u00eate du v\u00e9lo de Rouen"},"content":{"rendered":"<p>            Par<br \/>\n        <strong><br \/>\n            <a href=\"https:\/\/actu.fr\/auteur\/fmass\" title=\"Consulter tous les articles de Fabien Massin\" rel=\"nofollow noopener\" target=\"_blank\">Fabien Massin<\/a><br \/>\n        <\/strong><\/p>\n<p>        Publi\u00e9 le<\/p>\n<p>            22 mai 2025 \u00e0 13h36        <\/p>\n<p>Cyclistes de <a href=\"https:\/\/actu.fr\/normandie\/rouen_76540\" rel=\"nofollow noopener\" target=\"_blank\">Rouen (Seine-Maritime)<\/a>, ce sera votre f\u00eate ce week-end, avec la deuxi\u00e8me \u00e9dition du <strong>festival Roule !<\/strong>, du vendredi 23 au dimanche 25 mai 2025. Au programme : parade festive, r\u00e9parations gratuites, vente, etc. dans plusieurs lieux de la capitale normande : rue Jeanne-d\u2019Arc, Mus\u00e9e des beaux-arts, place Saint-Sever et presqu\u2019\u00eele Rollet.\u00a0<\/p>\n<p class=\" wall-content\">Tout d\u00e9marre vendredi \u00e0 20h au Mus\u00e9e des beaux-arts, avec un <strong>d\u00e9bat citoyen<\/strong> sur le th\u00e8me : \u00ab Le d\u00e9veloppement du v\u00e9lo \u00e0 Rouen : constats et priorit\u00e9s \u00bb (dans la salle de l\u2019auditorium, entr\u00e9e par la rue Lecanuet).\u00a0<\/p>\n<p>Un challenge pignon fixe<\/p>\n<p class=\" wall-content\">\u00a0Samedi tout au long de la journ\u00e9e, deux villages du v\u00e9lo prendront place rue Jeanne-d\u2019Arc (pi\u00e9tonnis\u00e9e) et place Saint-Sever. \u00c0 ces deux endroits, on pourra faire r\u00e9parer son v\u00e9lo ou en acheter un d\u2019occasion. Des animations sont \u00e9galement au programme (challenge \u00e9quilibre, \u00a0s\u00e9rigraphie de t-shirts, courses). En fin d\u2019apr\u00e8s-midi, rue Jeanne-d\u2019Arc \u00e0 18h, ce sera le d\u00e9part de la<strong> parade festive et musicale en ville<\/strong>.<\/p>\n<p class=\" wall-content\">Pendant ce temps, de 10h \u00e0 16h sur la presqu\u2019\u00eele Rollet, un challenge original est propos\u00e9 : un challenge pignon fixe, c\u2019est-\u00e0-dire,<strong> sans frein, sans vitesse, et sans possibilit\u00e9 d\u2019\u00eatre en roue libre !<\/strong> <a href=\"https:\/\/www.billetweb.fr\/rushclub-crit\" rel=\"nofollow noopener\" target=\"_blank\">R\u00e9servation en ligne<\/a>.\u00a0<\/p>\n<p>Une chasse aux tr\u00e9sors pour les enfants<\/p>\n<p class=\" wall-content\">Enfin, la journ\u00e9e de dimanche sera celle des enfants, avec une chasse aux tr\u00e9sors organis\u00e9e sur l\u2019esplanade Marcel-Duchamp, en face du Mus\u00e9e des beaux-arts, journ\u00e9e qui se terminera par un go\u00fbter gratuit.\u00a0<\/p>\n<p>Vid\u00e9os : en ce moment sur Actu<\/p>\n<p class=\" wall-content\">Le festival Roule ! est port\u00e9 par l\u2019association Sabine (et financ\u00e9 par la <a href=\"https:\/\/actu.fr\/tag\/metropole-rouen\" rel=\"nofollow noopener\" target=\"_blank\">M\u00e9tropole Rouen Normandie<\/a>). Il s\u2019inscrit dans le cadre de Mai \u00e0 v\u00e9lo et des f\u00eates du <a href=\"https:\/\/actu.fr\/tag\/tour-de-france\" rel=\"nofollow noopener\" target=\"_blank\">Tour de France<\/a>.<\/p>\n<p>Suivez l\u2019actualit\u00e9 de Rouen sur notre <a href=\"https:\/\/www.whatsapp.com\/channel\/0029VaKfnf99hXF2ddApFB1D\" rel=\"nofollow noopener\" target=\"_blank\">cha\u00eene WhatsApp<\/a> et sur notre <a href=\"https:\/\/www.tiktok.com\/@76actu.fr?lang=fr\" rel=\"nofollow noopener\" target=\"_blank\">compte TikTok<\/a><\/p>\n<p class=\" wall-content\">Suivez toute l\u2019actualit\u00e9 de vos villes et m\u00e9dias favoris en vous inscrivant \u00e0 <a href=\"https:\/\/moncompte.actu.fr\" title=\"D\u00e9couvez Mon Actu\" rel=\"nofollow noopener\" data-trk=\"{&quot;cta&quot;:{&quot;action&quot;:&quot;https:\\\/\\\/moncompte.actu.fr&quot;,&quot;category&quot;:&quot;mon compte&quot;,&quot;from&quot;:&quot;article footer&quot;,&quot;name&quot;:&quot;Mon actu&quot;,&quot;type&quot;:&quot;cta&quot;}}\" target=\"_blank\">Mon Actu<\/a>.<\/p>\n<p>                    <script async src=\"\/\/www.tiktok.com\/embed.js\"><\/script><\/p>\n","protected":false},"excerpt":{"rendered":"Par Fabien Massin Publi\u00e9 le 22 mai 2025 \u00e0 13h36 Cyclistes de Rouen (Seine-Maritime), ce sera votre f\u00eate&hellip;\n","protected":false},"author":2,"featured_media":119363,"comment_status":"","ping_status":"","sticky":false,"template":"","format":"standard","meta":{"footnotes":""},"categories":[9587],"tags":[1111,11,1777,674,1011,27,1652,12,5161,25,9590,24034,208,3459],"class_list":{"0":"post-119362","1":"post","2":"type-post","3":"status-publish","4":"format-standard","5":"has-post-thumbnail","7":"category-rouen","8":"tag-actu","9":"tag-actualites","10":"tag-eu","11":"tag-europe","12":"tag-fr","13":"tag-france","14":"tag-loisirs-culture","15":"tag-news","16":"tag-normandie","17":"tag-republique-francaise","18":"tag-rouen","19":"tag-seine-a-velo","20":"tag-velo","21":"tag-velo-electrique"},"share_on_mastodon":{"url":"https:\/\/pubeurope.com\/@fr\/114551366958445930","error":""},"_links":{"self":[{"href":"https:\/\/www.europesays.com\/fr\/wp-json\/wp\/v2\/posts\/119362","targetHints":{"allow":["GET"]}}],"collection":[{"href":"https:\/\/www.europesays.com\/fr\/wp-json\/wp\/v2\/posts"}],"about":[{"href":"https:\/\/www.europesays.com\/fr\/wp-json\/wp\/v2\/types\/post"}],"author":[{"embeddable":true,"href":"https:\/\/www.europesays.com\/fr\/wp-json\/wp\/v2\/users\/2"}],"replies":[{"embeddable":true,"href":"https:\/\/www.europesays.com\/fr\/wp-json\/wp\/v2\/comments?post=119362"}],"version-history":[{"count":0,"href":"https:\/\/www.europesays.com\/fr\/wp-json\/wp\/v2\/posts\/119362\/revisions"}],"wp:featuredmedia":[{"embeddable":true,"href":"https:\/\/www.europesays.com\/fr\/wp-json\/wp\/v2\/media\/119363"}],"wp:attachment":[{"href":"https:\/\/www.europesays.com\/fr\/wp-json\/wp\/v2\/media?parent=119362"}],"wp:term":[{"taxonomy":"category","embeddable":true,"href":"https:\/\/www.europesays.com\/fr\/wp-json\/wp\/v2\/categories?post=119362"},{"taxonomy":"post_tag","embeddable":true,"href":"https:\/\/www.europesays.com\/fr\/wp-json\/wp\/v2\/tags?post=119362"}],"curies":[{"name":"wp","href":"https:\/\/api.w.org\/{rel}","templated":true}]}}