{"id":119364,"date":"2025-05-22T11:58:15","date_gmt":"2025-05-22T11:58:15","guid":{"rendered":"https:\/\/www.europesays.com\/fr\/119364\/"},"modified":"2025-05-22T11:58:15","modified_gmt":"2025-05-22T11:58:15","slug":"primark-normal-action-aux-docks-76-de-rouen-elle-repart-avec-plus-de-30-articles-voles","status":"publish","type":"post","link":"https:\/\/www.europesays.com\/fr\/119364\/","title":{"rendered":"Primark, Normal, Action&#8230; Aux Docks 76 de Rouen, elle repart avec plus de 30 articles vol\u00e9s"},"content":{"rendered":"<p>            Par<br \/>\n        <strong><br \/>\n            <a href=\"https:\/\/actu.fr\/auteur\/eaube\" title=\"Consulter tous les articles de Elo\u00efse Aub\u00e9\" target=\"_blank\" rel=\"noopener\">Elo\u00efse Aub\u00e9<\/a><br \/>\n        <\/strong><\/p>\n<p>        Publi\u00e9 le<\/p>\n<p>            22 mai 2025 \u00e0 11h58        <\/p>\n<p>Mercredi 21\u00a0mai 2025, vers 18h40, la police intervient <strong>aux Docks 76<\/strong> de <a href=\"https:\/\/actu.fr\/normandie\/rouen_76540\" target=\"_blank\" rel=\"noopener\">Rouen<\/a> (Seine-Maritime) pour <strong>un vol \u00e0 l\u2019\u00e9talage<\/strong>.<\/p>\n<p class=\" wall-content\">Sur place, deux jeunes femmes leur sont pr\u00e9sent\u00e9es. L\u2019une d\u2019elles, \u00e2g\u00e9e de 19\u00a0ans, a d\u00e9rob\u00e9 dans plusieurs enseignes dont Normal, Kiko, Sephora, Primark pour un montant de plus de 400\u00a0euros.<\/p>\n<p class=\" wall-content\">Au total,<strong> 33 articles<\/strong> en tout genre seront retrouv\u00e9s sur elle.<\/p>\n<p>L\u2019une en garde \u00e0 vue, l\u2019autre laiss\u00e9e libre<\/p>\n<p class=\" wall-content\">L\u2019autre jeune femme interrog\u00e9e par les forces de l\u2019ordre est repartie libre, tandis que son amie a \u00e9t\u00e9 plac\u00e9e en garde \u00e0 vue.<\/p>\n<p>Suivez l\u2019actualit\u00e9 de Rouen sur<a href=\"https:\/\/www.whatsapp.com\/channel\/0029VaKfnf99hXF2ddApFB1D\" target=\"_blank\" rel=\"noopener\"> notre cha\u00eene WhatsApp<\/a> et sur notre<a href=\"https:\/\/www.tiktok.com\/@76actu.fr?lang=fr\" target=\"_blank\" rel=\"noopener\"> compte TikTok<\/a>Vid\u00e9os : en ce moment sur Actu<\/p>\n<p class=\" wall-content\">Suivez toute l\u2019actualit\u00e9 de vos villes et m\u00e9dias favoris en vous inscrivant \u00e0 <a href=\"https:\/\/moncompte.actu.fr\" title=\"D\u00e9couvez Mon Actu\" rel=\"nofollow noopener\" data-trk=\"{&quot;cta&quot;:{&quot;action&quot;:&quot;https:\\\/\\\/moncompte.actu.fr&quot;,&quot;category&quot;:&quot;mon compte&quot;,&quot;from&quot;:&quot;article footer&quot;,&quot;name&quot;:&quot;Mon actu&quot;,&quot;type&quot;:&quot;cta&quot;}}\" target=\"_blank\">Mon Actu<\/a>.<\/p>\n<p>                    <script async src=\"\/\/www.tiktok.com\/embed.js\"><\/script><\/p>\n","protected":false},"excerpt":{"rendered":"Par Elo\u00efse Aub\u00e9 Publi\u00e9 le 22 mai 2025 \u00e0 11h58 Mercredi 21\u00a0mai 2025, vers 18h40, la police intervient&hellip;\n","protected":false},"author":2,"featured_media":119365,"comment_status":"","ping_status":"","sticky":false,"template":"","format":"standard","meta":{"footnotes":""},"categories":[9587],"tags":[1111,11,22131,1777,674,118,1011,27,12,5161,1072,25,9590],"class_list":{"0":"post-119364","1":"post","2":"type-post","3":"status-publish","4":"format-standard","5":"has-post-thumbnail","7":"category-rouen","8":"tag-actu","9":"tag-actualites","10":"tag-docks-76","11":"tag-eu","12":"tag-europe","13":"tag-faits-divers","14":"tag-fr","15":"tag-france","16":"tag-news","17":"tag-normandie","18":"tag-police","19":"tag-republique-francaise","20":"tag-rouen"},"share_on_mastodon":{"url":"https:\/\/pubeurope.com\/@fr\/114551370872173179","error":""},"_links":{"self":[{"href":"https:\/\/www.europesays.com\/fr\/wp-json\/wp\/v2\/posts\/119364","targetHints":{"allow":["GET"]}}],"collection":[{"href":"https:\/\/www.europesays.com\/fr\/wp-json\/wp\/v2\/posts"}],"about":[{"href":"https:\/\/www.europesays.com\/fr\/wp-json\/wp\/v2\/types\/post"}],"author":[{"embeddable":true,"href":"https:\/\/www.europesays.com\/fr\/wp-json\/wp\/v2\/users\/2"}],"replies":[{"embeddable":true,"href":"https:\/\/www.europesays.com\/fr\/wp-json\/wp\/v2\/comments?post=119364"}],"version-history":[{"count":0,"href":"https:\/\/www.europesays.com\/fr\/wp-json\/wp\/v2\/posts\/119364\/revisions"}],"wp:featuredmedia":[{"embeddable":true,"href":"https:\/\/www.europesays.com\/fr\/wp-json\/wp\/v2\/media\/119365"}],"wp:attachment":[{"href":"https:\/\/www.europesays.com\/fr\/wp-json\/wp\/v2\/media?parent=119364"}],"wp:term":[{"taxonomy":"category","embeddable":true,"href":"https:\/\/www.europesays.com\/fr\/wp-json\/wp\/v2\/categories?post=119364"},{"taxonomy":"post_tag","embeddable":true,"href":"https:\/\/www.europesays.com\/fr\/wp-json\/wp\/v2\/tags?post=119364"}],"curies":[{"name":"wp","href":"https:\/\/api.w.org\/{rel}","templated":true}]}}