{"id":119370,"date":"2025-05-22T12:01:08","date_gmt":"2025-05-22T12:01:08","guid":{"rendered":"https:\/\/www.europesays.com\/fr\/119370\/"},"modified":"2025-05-22T12:01:08","modified_gmt":"2025-05-22T12:01:08","slug":"un-vehicule-de-la-diro-percute-sur-la-rocade-de-rennes-il-faut-lever-les-yeux-de-son-telephone","status":"publish","type":"post","link":"https:\/\/www.europesays.com\/fr\/119370\/","title":{"rendered":"Un v\u00e9hicule de la Diro percut\u00e9 sur la rocade de Rennes\u00a0: \u00ab\u00a0Il faut lever les yeux de son t\u00e9l\u00e9phone\u00a0\u00bb"},"content":{"rendered":"<p>Dans la nuit du mercredi 21 au jeudi 22 mai, un fourgon de <a href=\"https:\/\/www.letelegramme.fr\/ille-et-vilaine\/rennes-35000\/il-percute-un-fourgon-de-la-diro-pres-de-rennes-la-video-de-laccident-6670222.php\" target=\"_blank\" rel=\"nofollow noopener\">la Direction Interd\u00e9partementale des Routes Ouest<\/a> (Diro) a \u00e9t\u00e9 percut\u00e9 sur la rocade de Rennes. La collision s\u2019est produite \u00e0 un endroit ou des travaux de fauchage des accotements, avec r\u00e9duction du nombre de voies, \u00e9taient en cours.<\/p>\n<p>\u00ab Deux agents \u00e9taient \u00e0 bord lors de l\u2018impact, heureusement indemnes physiquement mais profond\u00e9ment choqu\u00e9s \u00bb, a pr\u00e9cis\u00e9 la Diro sur les r\u00e9seaux sociaux. \u00ab Ralentir, respecter les balisages, lever les yeux de son t\u00e9l\u00e9phone, ce n\u2019est pas une option ! C\u2019est la vie de nos agents que vous tenez entre vos mains \u00bb. C\u2019est d\u00e9j\u00e0 le 8e accident qui concerne un v\u00e9hicule de la Diro en 2025.<\/p>\n","protected":false},"excerpt":{"rendered":"Dans la nuit du mercredi 21 au jeudi 22 mai, un fourgon de la Direction Interd\u00e9partementale des Routes&hellip;\n","protected":false},"author":2,"featured_media":119371,"comment_status":"","ping_status":"","sticky":false,"template":"","format":"standard","meta":{"footnotes":""},"categories":[2821],"tags":[1111,11,829,1777,674,3383,1011,27,848,12,584,25],"class_list":{"0":"post-119370","1":"post","2":"type-post","3":"status-publish","4":"format-standard","5":"has-post-thumbnail","7":"category-rennes","8":"tag-actu","9":"tag-actualites","10":"tag-bretagne","11":"tag-eu","12":"tag-europe","13":"tag-faits-divers-a-rennes","14":"tag-fr","15":"tag-france","16":"tag-ille-et-vilaine","17":"tag-news","18":"tag-rennes","19":"tag-republique-francaise"},"share_on_mastodon":{"url":"https:\/\/pubeurope.com\/@fr\/114551382565675174","error":""},"_links":{"self":[{"href":"https:\/\/www.europesays.com\/fr\/wp-json\/wp\/v2\/posts\/119370","targetHints":{"allow":["GET"]}}],"collection":[{"href":"https:\/\/www.europesays.com\/fr\/wp-json\/wp\/v2\/posts"}],"about":[{"href":"https:\/\/www.europesays.com\/fr\/wp-json\/wp\/v2\/types\/post"}],"author":[{"embeddable":true,"href":"https:\/\/www.europesays.com\/fr\/wp-json\/wp\/v2\/users\/2"}],"replies":[{"embeddable":true,"href":"https:\/\/www.europesays.com\/fr\/wp-json\/wp\/v2\/comments?post=119370"}],"version-history":[{"count":0,"href":"https:\/\/www.europesays.com\/fr\/wp-json\/wp\/v2\/posts\/119370\/revisions"}],"wp:featuredmedia":[{"embeddable":true,"href":"https:\/\/www.europesays.com\/fr\/wp-json\/wp\/v2\/media\/119371"}],"wp:attachment":[{"href":"https:\/\/www.europesays.com\/fr\/wp-json\/wp\/v2\/media?parent=119370"}],"wp:term":[{"taxonomy":"category","embeddable":true,"href":"https:\/\/www.europesays.com\/fr\/wp-json\/wp\/v2\/categories?post=119370"},{"taxonomy":"post_tag","embeddable":true,"href":"https:\/\/www.europesays.com\/fr\/wp-json\/wp\/v2\/tags?post=119370"}],"curies":[{"name":"wp","href":"https:\/\/api.w.org\/{rel}","templated":true}]}}