{"id":11938,"date":"2025-04-09T06:28:13","date_gmt":"2025-04-09T06:28:13","guid":{"rendered":"https:\/\/www.europesays.com\/fr\/11938\/"},"modified":"2025-04-09T06:28:13","modified_gmt":"2025-04-09T06:28:13","slug":"bordeaux-nombreuses-fermetures-du-pont-chaban-delmas-cette-semaine","status":"publish","type":"post","link":"https:\/\/www.europesays.com\/fr\/11938\/","title":{"rendered":"Bordeaux : nombreuses fermetures du pont Chaban-Delmas cette semaine"},"content":{"rendered":"<p><img decoding=\"async\" class=\"\" style=\"width:100%;max-width:100%\" src=\"https:\/\/www.europesays.com\/fr\/wp-content\/uploads\/2025\/04\/pont_ouvert_11744001505767-format16by9.jpg\" alt=\"Le pont Chaban Delmas se l\u00e8vera \u00e0 plusieurs reprises cette semaine\"\/><\/p>\n<p>Le pont Chaban Delmas se l\u00e8vera \u00e0 plusieurs reprises cette semaine<\/p>\n<p>Cr\u00e9dit : Le pont Chaban Delmas se l\u00e8vera \u00e0 plusieurs reprises cette semaine<\/p>\n<p data-start=\"373\" data-end=\"414\">La saison des croisi\u00e8res est lanc\u00e9e ! Si vous vous \u00eates balad\u00e9s sur les quais bordelais ce dimanche 6 avril, vous n\u2019avez pas pu manquer le paquebot amarr\u00e9 face \u00e0 la place des Quinconces. Le Silver Dawn est le premier des 49 navires pr\u00e9vus en escale dans le Port de la Lune en 2025. Un chiffre record, malgr\u00e9 <a href=\"https:\/\/www.witfm.fr\/bientot-plus-de-paquebots-dans-le-centre-ville-de-bordeaux\" rel=\"noopener nofollow\" target=\"_blank\">la volont\u00e9 du maire Pierre Hurmic de r\u00e9duire la voilure.<\/a> Pour le premier de la saison, le pont Chaban-Delmas a d\u00e9j\u00e0 d\u00fb se lever ce dimanche 6 avril. Et ce n\u2019est que le d\u00e9but : cette semaine, les lev\u00e9es du pont et les fermetures de circulation vont s\u2019encha\u00eener.<\/p>\n<p>Les prochaines fermetures du pont Chaban-Delmas :<\/p>\n<ul data-start=\"902\" data-end=\"1277\">\n<li class=\"\" data-start=\"902\" data-end=\"1011\">\n<p class=\"\" data-start=\"904\" data-end=\"1011\"><strong data-start=\"904\" data-end=\"921\">Lundi 7 avril<\/strong>, de <strong data-start=\"926\" data-end=\"943\">14h32 \u00e0 16h02<\/strong> : pour le d\u00e9part de deux bateaux militaires en escale en Gironde.<\/p>\n<\/li>\n<li class=\"\" data-start=\"1012\" data-end=\"1090\">\n<p class=\"\" data-start=\"1014\" data-end=\"1090\"><strong data-start=\"1014\" data-end=\"1031\">Mardi 8 avril<\/strong>, de <strong data-start=\"1036\" data-end=\"1053\">16h34 \u00e0 17h57<\/strong> : pour le d\u00e9part du Silver Dawn.<\/p>\n<\/li>\n<li class=\"\" data-start=\"1091\" data-end=\"1199\">\n<p class=\"\" data-start=\"1093\" data-end=\"1199\"><strong data-start=\"1093\" data-end=\"1112\">Samedi 12 avril<\/strong>, de <strong data-start=\"1117\" data-end=\"1134\">07h19 \u00e0 08h27<\/strong> : pour l\u2019arriv\u00e9e d\u2019un nouveau paquebot, le Hanseatic Spirit.<\/p>\n<\/li>\n<li class=\"\" data-start=\"1200\" data-end=\"1277\">\n<p class=\"\" data-start=\"1202\" data-end=\"1277\"><strong data-start=\"1202\" data-end=\"1223\">Dimanche 13 avril<\/strong>, de <strong data-start=\"1228\" data-end=\"1245\">17h34 \u00e0 18h57<\/strong> : pour le d\u00e9part de ce dernier.<\/p>\n<\/li>\n<\/ul>\n<p class=\"\" data-start=\"1312\" data-end=\"1522\">Attention, ces horaires sont susceptibles d\u2019\u00eatre modifi\u00e9s. \u00c0 chaque lev\u00e9e ou descente du pont, il faudra emprunter une autre voie pour traverser la Garonne : le pont d\u2019Aquitaine, le pont Saint-Jean ou le pont Simone-Veil.<\/p>\n","protected":false},"excerpt":{"rendered":"Le pont Chaban Delmas se l\u00e8vera \u00e0 plusieurs reprises cette semaine Cr\u00e9dit : Le pont Chaban Delmas se&hellip;\n","protected":false},"author":2,"featured_media":11939,"comment_status":"","ping_status":"","sticky":false,"template":"","format":"standard","meta":{"footnotes":""},"categories":[2817],"tags":[1111,11,1997,5603,3542,2380,5380,1777,674,1011,27,5601,2905,12,2219,5600,5602,4860,5604,4399,25],"class_list":{"0":"post-11938","1":"post","2":"type-post","3":"status-publish","4":"format-standard","5":"has-post-thumbnail","7":"category-bordeaux","8":"tag-actu","9":"tag-actualites","10":"tag-bordeaux","11":"tag-chaban-delmas","12":"tag-circulation","13":"tag-croisiere","14":"tag-deviation","15":"tag-eu","16":"tag-europe","17":"tag-fr","18":"tag-france","19":"tag-garonne","20":"tag-gironde","21":"tag-news","22":"tag-nouvelle-aquitaine","23":"tag-paquebot","24":"tag-pertubations","25":"tag-pierre-hurmic","26":"tag-pont","27":"tag-pont-chaban-delmas","28":"tag-republique-francaise"},"share_on_mastodon":{"url":"https:\/\/pubeurope.com\/@fr\/114306593945689926","error":""},"_links":{"self":[{"href":"https:\/\/www.europesays.com\/fr\/wp-json\/wp\/v2\/posts\/11938","targetHints":{"allow":["GET"]}}],"collection":[{"href":"https:\/\/www.europesays.com\/fr\/wp-json\/wp\/v2\/posts"}],"about":[{"href":"https:\/\/www.europesays.com\/fr\/wp-json\/wp\/v2\/types\/post"}],"author":[{"embeddable":true,"href":"https:\/\/www.europesays.com\/fr\/wp-json\/wp\/v2\/users\/2"}],"replies":[{"embeddable":true,"href":"https:\/\/www.europesays.com\/fr\/wp-json\/wp\/v2\/comments?post=11938"}],"version-history":[{"count":0,"href":"https:\/\/www.europesays.com\/fr\/wp-json\/wp\/v2\/posts\/11938\/revisions"}],"wp:featuredmedia":[{"embeddable":true,"href":"https:\/\/www.europesays.com\/fr\/wp-json\/wp\/v2\/media\/11939"}],"wp:attachment":[{"href":"https:\/\/www.europesays.com\/fr\/wp-json\/wp\/v2\/media?parent=11938"}],"wp:term":[{"taxonomy":"category","embeddable":true,"href":"https:\/\/www.europesays.com\/fr\/wp-json\/wp\/v2\/categories?post=11938"},{"taxonomy":"post_tag","embeddable":true,"href":"https:\/\/www.europesays.com\/fr\/wp-json\/wp\/v2\/tags?post=11938"}],"curies":[{"name":"wp","href":"https:\/\/api.w.org\/{rel}","templated":true}]}}