{"id":119384,"date":"2025-05-22T12:08:20","date_gmt":"2025-05-22T12:08:20","guid":{"rendered":"https:\/\/www.europesays.com\/fr\/119384\/"},"modified":"2025-05-22T12:08:20","modified_gmt":"2025-05-22T12:08:20","slug":"le-voleur-sattaque-sans-le-savoir-au-scooter-dun-policier-juste-sous-son-nez","status":"publish","type":"post","link":"https:\/\/www.europesays.com\/fr\/119384\/","title":{"rendered":"le voleur s\u2019attaque sans le savoir au scooter d\u2019un policier, juste sous son nez"},"content":{"rendered":"<p>Il a mal choisi ses cibles. Un jeune homme de 28\u00a0ans a \u00e9t\u00e9 interpell\u00e9 et plac\u00e9 en garde \u00e0 vue, mardi 20\u00a0mai 2025 \u00e0 Nantes (<a target=\"_self\" href=\"https:\/\/www.lanouvellerepublique.fr\/loire-atlantique\" rel=\"noopener\">Loire-Atlantique<\/a>), apr\u00e8s avoir tent\u00e9 de braquer le scooter d\u2019un policier. Il a entrepris de forcer le coffre de l\u2019engin banalis\u00e9, stationn\u00e9 dans le centre-ville pendant que les fonctionnaires d\u00e9jeunaient en terrasse, relatent nos confr\u00e8res de <a target=\"_blank\" href=\"https:\/\/www.ouest-france.fr\/societe\/faits-divers\/il-force-le-coffre-du-scooter-des-policiers-gare-dans-le-centre-de-nantes-devant-les-policiers-b9aa735e-3629-11f0-bf6c-240af7605eff\" rel=\"noopener\">Ouest-France<\/a>.<\/p>\n<p>Il se rebelle face aux policiers<\/p>\n<p>Abord\u00e9 par les agents en civil, le voleur a pris la fuite avant d\u2019\u00eatre rattrap\u00e9. Mais il ne s\u2019est pas laiss\u00e9 faire et s\u2019est rebell\u00e9 avec un tournevis, blessant au passage l\u2019un des policiers.<\/p>\n<p>Conduit au commissariat, il s\u2019est vu d\u00e9livrer une ordonnance p\u00e9nale. Cette proc\u00e9dure permet de traiter des affaires simples sans passer par la case tribunal. \u00ab\u00a0Elle permet de juger le pr\u00e9venu rapidement, sans audience, et prend en compte l\u2019indemnisation de la victime\u00a0\u00bb, <a target=\"_blank\" href=\"https:\/\/www.service-public.fr\/particuliers\/vosdroits\/F36141\" rel=\"noopener\">explique le site de l\u2019administration fran\u00e7aise<\/a>. Le plus souvent, les mis en cause sont condamn\u00e9s \u00e0 une amende.<\/p>\n","protected":false},"excerpt":{"rendered":"Il a mal choisi ses cibles. Un jeune homme de 28\u00a0ans a \u00e9t\u00e9 interpell\u00e9 et plac\u00e9 en garde&hellip;\n","protected":false},"author":2,"featured_media":119385,"comment_status":"","ping_status":"","sticky":false,"template":"","format":"standard","meta":{"footnotes":""},"categories":[2818],"tags":[1111,11,1674,1777,674,274,1011,27,1757,3047,766,12,2636,25],"class_list":{"0":"post-119384","1":"post","2":"type-post","3":"status-publish","4":"format-standard","5":"has-post-thumbnail","7":"category-nantes","8":"tag-actu","9":"tag-actualites","10":"tag-communes","11":"tag-eu","12":"tag-europe","13":"tag-faits-divers-justice","14":"tag-fr","15":"tag-france","16":"tag-insolite","17":"tag-loire-atlantique","18":"tag-nantes","19":"tag-news","20":"tag-pays-de-la-loire","21":"tag-republique-francaise"},"share_on_mastodon":{"url":"https:\/\/pubeurope.com\/@fr\/114551410090962223","error":""},"_links":{"self":[{"href":"https:\/\/www.europesays.com\/fr\/wp-json\/wp\/v2\/posts\/119384","targetHints":{"allow":["GET"]}}],"collection":[{"href":"https:\/\/www.europesays.com\/fr\/wp-json\/wp\/v2\/posts"}],"about":[{"href":"https:\/\/www.europesays.com\/fr\/wp-json\/wp\/v2\/types\/post"}],"author":[{"embeddable":true,"href":"https:\/\/www.europesays.com\/fr\/wp-json\/wp\/v2\/users\/2"}],"replies":[{"embeddable":true,"href":"https:\/\/www.europesays.com\/fr\/wp-json\/wp\/v2\/comments?post=119384"}],"version-history":[{"count":0,"href":"https:\/\/www.europesays.com\/fr\/wp-json\/wp\/v2\/posts\/119384\/revisions"}],"wp:featuredmedia":[{"embeddable":true,"href":"https:\/\/www.europesays.com\/fr\/wp-json\/wp\/v2\/media\/119385"}],"wp:attachment":[{"href":"https:\/\/www.europesays.com\/fr\/wp-json\/wp\/v2\/media?parent=119384"}],"wp:term":[{"taxonomy":"category","embeddable":true,"href":"https:\/\/www.europesays.com\/fr\/wp-json\/wp\/v2\/categories?post=119384"},{"taxonomy":"post_tag","embeddable":true,"href":"https:\/\/www.europesays.com\/fr\/wp-json\/wp\/v2\/tags?post=119384"}],"curies":[{"name":"wp","href":"https:\/\/api.w.org\/{rel}","templated":true}]}}