{"id":119388,"date":"2025-05-22T12:10:13","date_gmt":"2025-05-22T12:10:13","guid":{"rendered":"https:\/\/www.europesays.com\/fr\/119388\/"},"modified":"2025-05-22T12:10:13","modified_gmt":"2025-05-22T12:10:13","slug":"girondins-samuel-vaslin-juste-imaginer-les-girondins-de-bordeaux-prives-dentrer-au-haillan","status":"publish","type":"post","link":"https:\/\/www.europesays.com\/fr\/119388\/","title":{"rendered":"Girondins. Samuel Vaslin : \u201cJuste imaginer les Girondins de Bordeaux priv\u00e9s d&rsquo;entrer au Haillan&#8230;\u201d"},"content":{"rendered":"<p><img decoding=\"async\" src=\"https:\/\/www.europesays.com\/fr\/wp-content\/uploads\/2025\/05\/671_f8dae4ac14527825cd2c0c0c9fbd00b0.jpg\" alt=\"Girondins. Samuel Vaslin : \u201cJuste imaginer les Girondins de Bordeaux priv\u00e9s d'entrer au Haillan...\u201d\" class=\"img-responsive mt-3\"\/><\/p>\n<p class=\"text-center mb-3\" style=\"font-size: 14px\">\u00a9 Iconsport<\/p>\n<p style=\"text-align: justify;\">Le <a href=\"https:\/\/www.webgirondins.com\/actualite-girondins-girondins-pierre-hurmic-a-recu-gerard-lopez-et-exige-le-versement-du-loyer-pour-le-haillan-129101\" target=\"_blank\" rel=\"noopener\">maire de Bordeaux a mis la pression \u00e0 G\u00e9rard Lopez<\/a>, propri\u00e9taire des Girondins de Bordeaux, pour la signature de la nouvelle convention d&rsquo;occupation de la plaine des Sports du Haillan par le club. Sans cette convention, le club risquait d\u2019\u00eatre priv\u00e9 de son centre d&rsquo;entrainement, une premi\u00e8re dans l&rsquo;histoire du FCGB.<\/p>\n<p style=\"text-align: justify;\">\u00c9coutez les propos de Samuel Vaslin ou lisez-les :<\/p>\n<p>\u00a0<\/p>\n<p><strong>\u201cCe serait un symbole de plus qui montre que le club est d\u00e9truit\u201d<\/strong><\/p>\n<p style=\"text-align: justify;\">Samuel Vaslin dans le <a href=\"https:\/\/www.youtube.com\/watch?v=U4-g4avnAMM&amp;t=6281s\" target=\"_blank\" rel=\"noopener\">Talk sur WebGirondins<\/a> lundi 19 mai : \u201cJuste imaginer les Girondins de Bordeaux priv\u00e9s d&rsquo;entrer au Haillan\u2026 On nous a pris pour des imb\u00e9ciles en nous disant, il y a trois ans, que le club \u00e9tait plus sain. On a eu une lettre la veille du premier match pour nous expliquer tout ce qu&rsquo;on avait d\u00fb sacrifier pour pouvoir aller mieux. Et on se rend compte qu&rsquo;un an plus tard, on risque d\u2019\u00eatre expuls\u00e9s du Haillan. Qu&rsquo;un jour le Haillan soit termin\u00e9 parce que le club d\u00e9cide de changer d&rsquo;infrastructure, pourquoi pas ? Comme avec Lescure, il y aura toujours parfois des regrets d&rsquo;avoir quitt\u00e9 le stade, mais c&rsquo;est un choix contrairement au Haillan. Ce serait un symbole de plus qui montre que le club est d\u00e9truit.\u201d<\/p>\n<p style=\"text-align: justify;\">Ce mercredi, selon nos informations, la<a href=\"https:\/\/www.webgirondins.com\/actualite-girondins-girondins-de-bordeaux-le-club-signe-enfin-l-accord-pour-le-haillan-avec-la-mairie-129166\" target=\"_blank\" rel=\"noopener\"> nouvelle convention d&rsquo;occupation a \u00e9t\u00e9 sign\u00e9e par les Girondins de Bordeaux<\/a>. Le montant serait d&rsquo;environ 255 000\u20ac par an pour l&rsquo;occupation des terrains et d&rsquo;une partie du ch\u00e2teau.<\/p>\n<p>\u00c0 lire &gt;&gt;\u00a0<strong><a href=\"https:\/\/www.webgirondins.com\/actualite-girondins-girondins-le-directeur-sportif-john-williams-face-a-la-justice-prison-et-interdiction-a-vie-requises-129143\" target=\"_blank\" rel=\"noopener\">Le directeur sportif John Williams face \u00e0 la justice &#8211; Prison et interdiction \u00e0 vie requises<\/a><br \/><\/strong><\/p>\n<p>\u00a0<\/p>\n","protected":false},"excerpt":{"rendered":"\u00a9 Iconsport Le maire de Bordeaux a mis la pression \u00e0 G\u00e9rard Lopez, propri\u00e9taire des Girondins de Bordeaux,&hellip;\n","protected":false},"author":2,"featured_media":119389,"comment_status":"","ping_status":"","sticky":false,"template":"","format":"standard","meta":{"footnotes":""},"categories":[2817],"tags":[1111,11,1997,4811,5244,1446,18507,1777,674,8435,5219,1011,27,1987,6776,15287,24035,2957,9037,12,2219,1860,24036,24038,25,9863,5234,24037,9864,5238],"class_list":{"0":"post-119388","1":"post","2":"type-post","3":"status-publish","4":"format-standard","5":"has-post-thumbnail","7":"category-bordeaux","8":"tag-actu","9":"tag-actualites","10":"tag-bordeaux","11":"tag-chateau","12":"tag-club","13":"tag-dans","14":"tag-entrer","15":"tag-eu","16":"tag-europe","17":"tag-exprime","18":"tag-expulsion","19":"tag-fr","20":"tag-france","21":"tag-girondins","22":"tag-haillan","23":"tag-historique","24":"tag-imaginer","25":"tag-journaliste","26":"tag-juste","27":"tag-news","28":"tag-nouvelle-aquitaine","29":"tag-potentielle","30":"tag-prives","31":"tag-quant","32":"tag-republique-francaise","33":"tag-samuel","34":"tag-talk","35":"tag-tristesse","36":"tag-vaslin","37":"tag-webgirondins"},"share_on_mastodon":{"url":"https:\/\/pubeurope.com\/@fr\/114551418134488394","error":""},"_links":{"self":[{"href":"https:\/\/www.europesays.com\/fr\/wp-json\/wp\/v2\/posts\/119388","targetHints":{"allow":["GET"]}}],"collection":[{"href":"https:\/\/www.europesays.com\/fr\/wp-json\/wp\/v2\/posts"}],"about":[{"href":"https:\/\/www.europesays.com\/fr\/wp-json\/wp\/v2\/types\/post"}],"author":[{"embeddable":true,"href":"https:\/\/www.europesays.com\/fr\/wp-json\/wp\/v2\/users\/2"}],"replies":[{"embeddable":true,"href":"https:\/\/www.europesays.com\/fr\/wp-json\/wp\/v2\/comments?post=119388"}],"version-history":[{"count":0,"href":"https:\/\/www.europesays.com\/fr\/wp-json\/wp\/v2\/posts\/119388\/revisions"}],"wp:featuredmedia":[{"embeddable":true,"href":"https:\/\/www.europesays.com\/fr\/wp-json\/wp\/v2\/media\/119389"}],"wp:attachment":[{"href":"https:\/\/www.europesays.com\/fr\/wp-json\/wp\/v2\/media?parent=119388"}],"wp:term":[{"taxonomy":"category","embeddable":true,"href":"https:\/\/www.europesays.com\/fr\/wp-json\/wp\/v2\/categories?post=119388"},{"taxonomy":"post_tag","embeddable":true,"href":"https:\/\/www.europesays.com\/fr\/wp-json\/wp\/v2\/tags?post=119388"}],"curies":[{"name":"wp","href":"https:\/\/api.w.org\/{rel}","templated":true}]}}