{"id":119398,"date":"2025-05-22T12:15:09","date_gmt":"2025-05-22T12:15:09","guid":{"rendered":"https:\/\/www.europesays.com\/fr\/119398\/"},"modified":"2025-05-22T12:15:09","modified_gmt":"2025-05-22T12:15:09","slug":"une-nouvelle-bataille-judiciaire-souvrait-ce-matin-pour-faire-annuler-la-fermeture-des-commerces","status":"publish","type":"post","link":"https:\/\/www.europesays.com\/fr\/119398\/","title":{"rendered":"une nouvelle bataille judiciaire s\u2019ouvrait ce matin pour faire annuler la fermeture des commerces"},"content":{"rendered":"<p>Ils sont huit \u00e0 \u00ab\u00a0payer les pots cass\u00e9s\u00a0\u00bb, affirment-ils. Alors que <a href=\"https:\/\/www.laprovence.com\/article\/politique\/86570862866163\/georges-francois-leclerc-nouveau-super-prefet-prend-la-main-sur-la-prefecture-de-police\" target=\"_blank\" rel=\"noopener\">le pr\u00e9fet des Bouches-du-Rh\u00f4ne, Georges-Fran\u00e7ois Leclerc<\/a>, a pris un second arr\u00eat\u00e9 qui impose aux \u00e9piciers de nuit du centre-ville de Marseille de fermer entre 22h et 6h jusqu\u2019au 30\u00a0juin prochain, ces derniers contestent la d\u00e9cision.<\/p>\n<p>\u00ab\u00a0Malgr\u00e9 le fait que nous ayons respect\u00e9 le premier arr\u00eat\u00e9 (qui pr\u00e9voyait la fermeture des \u00e9piceries de nuit du 21\u00a0mars au 21\u00a0avril, Ndlr), la pr\u00e9fecture a prolong\u00e9 sa mesure du jour au lendemain. Nous le regrettons, car le constat est le m\u00eame aujourd\u2019hui\u00a0: des \u00e9piciers qui n\u2019ont rien \u00e0 se reprocher perdent leur travail, et c\u2019est inacceptable\u00a0\u00bb, d\u00e9clarent une petite dizaine d\u2019\u00e9piciers \u00e0 la sortie de l\u2019audience.<\/p>\n<p>En cause, l\u2019\u00e9chelle de proportionnalit\u00e9 de l\u2019arr\u00eat\u00e9. Plut\u00f4t que d\u2019ordonner des fermetures au cas par cas comme c\u2019est l\u2019usage en cas de troubles \u00e0 l\u2019ordre public, la pr\u00e9fecture a d\u00e9fini un secteur (les places et grands axes des 1er, 2e, 3e, 4e, 5e, 6e et 7e arrondissements) o\u00f9 il devient interdit de commercer de nuit, alors que les bo\u00eetes de nuit et les bars ne sont, eux, pas vis\u00e9s par l\u2019arr\u00eat\u00e9.<\/p>\n<p>Montrer une perte de revenus pour faire annuler l\u2019arr\u00eat\u00e9<\/p>\n<p>En tant que conseil juridique des <a href=\"https:\/\/www.laprovence.com\/article\/region\/4092395895210114\/ce-vendredi-a-22-h-les-epiceries-de-nuit-ont-tire-le-rideau-a-marseille\" target=\"_blank\" rel=\"noopener\">\u00e9piciers<\/a>, Me Shirley Leturcq joue la carte de la perte de chiffre d\u2019affaires\u00a0: \u00ab\u00a0Nous produisons des attestations d\u2019expert-comptable, des relev\u00e9s de compte et des tickets de caisse pour montrer que l\u2019arr\u00eat\u00e9 p\u00e9nalise injustement les \u00e9piciers vis\u00e9s par l\u2019arr\u00eat\u00e9\u00a0\u00bb, expose l\u2019avocate, tandis que les \u00e9piciers qui ne sont pas dans le p\u00e9rim\u00e8tre d\u2019application de l\u2019arr\u00eat\u00e9 ont loisir de poursuivre leur activit\u00e9. \u00ab\u00a0Avec cette interdiction globale pour un secteur donn\u00e9, la pr\u00e9fecture jette le b\u00e9b\u00e9 avec l\u2019eau du bain\u00a0\u00bb, critique-t-elle.<\/p>\n<p>De son c\u00f4t\u00e9, <a href=\"https:\/\/www.laprovence.com\/article\/faits-divers-justice\/1715717284372815\/dans-les-bouches-du-rhone-revoila-une-prefete-deleguee-a-la-police\" target=\"_blank\" rel=\"noopener\">la pr\u00e9fecture<\/a> justifie son nouvel arr\u00eat\u00e9 par le fait que \u00ab\u00a0l\u2019arsenal juridique \u00e0 sa disposition est trop faible\u00a0\u00bb et que privil\u00e9gier, comme le souhaitent les \u00e9piciers, \u00ab\u00a0des fermetures au cas par cas, ne favorisent pas les comportements irr\u00e9prochables. Le taux de non-respect du premier arr\u00eat\u00e9 montre que la situation est trop fragile\u00a0\u00bb, a d\u00e9clar\u00e9 le directeur de cabinet \u00e0 la pr\u00e9fecture de police, R\u00e9mi Bourdu.<\/p>\n<p>\u00c0 noter que le p\u00e9rim\u00e8tre du nouvel arr\u00eat\u00e9 a \u00e9t\u00e9 \u00e9tendu \u00e0 la partie ouest du 3e, o\u00f9 \u00ab\u00a0un trafic de stup\u00e9fiants\u00a0\u00bb li\u00e9 \u00e0 une \u00e9picerie a \u00e9t\u00e9 d\u00e9mantel\u00e9 et \u00ab\u00a0des coups de feu\u00a0\u00bb ont \u00e9t\u00e9 tir\u00e9s dans une autre, assure la pr\u00e9fecture de police. \u00ab\u00a0Les \u00e9piceries de nuit sont un refuge pour les trafics, une planque pour les stups\u00a0\u00bb, a ass\u00e9n\u00e9 R\u00e9mi Bourdu tandis que sur 16 verbalisations de commerces de nuit durant le d\u00e9lai d\u2019application du premier arr\u00eat\u00e9, 9 ont vis\u00e9 des commerces situ\u00e9s dans le 3e arrondissement.<\/p>\n<p>La d\u00e9cision du juge des r\u00e9f\u00e9r\u00e9s est attendue d\u00e9but de semaine prochaine.<\/p>\n","protected":false},"excerpt":{"rendered":"Ils sont huit \u00e0 \u00ab\u00a0payer les pots cass\u00e9s\u00a0\u00bb, affirment-ils. Alors que le pr\u00e9fet des Bouches-du-Rh\u00f4ne, Georges-Fran\u00e7ois Leclerc, a&hellip;\n","protected":false},"author":2,"featured_media":119399,"comment_status":"","ping_status":"","sticky":false,"template":"","format":"standard","meta":{"footnotes":""},"categories":[2814],"tags":[17,24041,1111,11,154,12006,6612,1777,674,13407,1011,27,884,12,882,16,25],"class_list":{"0":"post-119398","1":"post","2":"type-post","3":"status-publish","4":"format-standard","5":"has-post-thumbnail","7":"category-marseille","8":"tag-17","9":"tag-22h","10":"tag-actu","11":"tag-actualites","12":"tag-des","13":"tag-epiceries","14":"tag-epiciers","15":"tag-eu","16":"tag-europe","17":"tag-fermeture","18":"tag-fr","19":"tag-france","20":"tag-marseille","21":"tag-news","22":"tag-provence-alpes-cote-dazur","23":"tag-region","24":"tag-republique-francaise"},"share_on_mastodon":{"url":"https:\/\/pubeurope.com\/@fr\/114551437713417187","error":""},"_links":{"self":[{"href":"https:\/\/www.europesays.com\/fr\/wp-json\/wp\/v2\/posts\/119398","targetHints":{"allow":["GET"]}}],"collection":[{"href":"https:\/\/www.europesays.com\/fr\/wp-json\/wp\/v2\/posts"}],"about":[{"href":"https:\/\/www.europesays.com\/fr\/wp-json\/wp\/v2\/types\/post"}],"author":[{"embeddable":true,"href":"https:\/\/www.europesays.com\/fr\/wp-json\/wp\/v2\/users\/2"}],"replies":[{"embeddable":true,"href":"https:\/\/www.europesays.com\/fr\/wp-json\/wp\/v2\/comments?post=119398"}],"version-history":[{"count":0,"href":"https:\/\/www.europesays.com\/fr\/wp-json\/wp\/v2\/posts\/119398\/revisions"}],"wp:featuredmedia":[{"embeddable":true,"href":"https:\/\/www.europesays.com\/fr\/wp-json\/wp\/v2\/media\/119399"}],"wp:attachment":[{"href":"https:\/\/www.europesays.com\/fr\/wp-json\/wp\/v2\/media?parent=119398"}],"wp:term":[{"taxonomy":"category","embeddable":true,"href":"https:\/\/www.europesays.com\/fr\/wp-json\/wp\/v2\/categories?post=119398"},{"taxonomy":"post_tag","embeddable":true,"href":"https:\/\/www.europesays.com\/fr\/wp-json\/wp\/v2\/tags?post=119398"}],"curies":[{"name":"wp","href":"https:\/\/api.w.org\/{rel}","templated":true}]}}