{"id":11940,"date":"2025-04-09T06:29:20","date_gmt":"2025-04-09T06:29:20","guid":{"rendered":"https:\/\/www.europesays.com\/fr\/11940\/"},"modified":"2025-04-09T06:29:20","modified_gmt":"2025-04-09T06:29:20","slug":"pres-de-bordeaux-cette-agricultrice-lance-un-marche-de-producteurs-dans-une-brasserie","status":"publish","type":"post","link":"https:\/\/www.europesays.com\/fr\/11940\/","title":{"rendered":"Pr\u00e8s de Bordeaux, cette agricultrice lance un march\u00e9 de producteurs dans une brasserie"},"content":{"rendered":"<p>            Par<br \/>\n        <strong><br \/>\n            <a href=\"https:\/\/actu.fr\/auteur\/redaction-republicainlangon\" title=\"Consulter tous les articles de R\u00e9daction Le R\u00e9publicain Langon\" rel=\"nofollow noopener\" target=\"_blank\">R\u00e9daction Le R\u00e9publicain Langon<\/a><br \/>\n        <\/strong><\/p>\n<p>        Publi\u00e9 le<\/p>\n<p>            6 avr. 2025 \u00e0 19h00        <\/p>\n<p>Nouveaut\u00e9 \u00e0 <a href=\"https:\/\/actu.fr\/nouvelle-aquitaine\/martillac_33274\" rel=\"nofollow noopener\" target=\"_blank\">Martillac<\/a> ! <b>D\u00e9lices des sens, le salon qui \u00e9veille vos papilles<\/b>, rassemble plusieurs producteurs locaux \u00e0 la brasserie de <a href=\"https:\/\/actu.fr\/nouvelle-aquitaine\/gironde_33\/\" rel=\"nofollow noopener\" target=\"_blank\">Gironde<\/a>. Deux jours de circuits courts et de d\u00e9gustations.<\/p>\n<p class=\" wall-content\">Nathalie Caplanne est productrice de s\u00e8ve de bouleau \u00e0 Cabanac et Villagrains. Ancienne travailleuse sociale, elle op\u00e8re une <b>reconversion <\/b>et a lanc\u00e9 sa ferme, <a href=\"https:\/\/www.facebook.com\/p\/Ferme-lEncantada-100054607772725\/\" rel=\"nofollow noopener\" target=\"_blank\">L\u2019Encantada<\/a>. <b>Samedi 12 et dimanche 13 avril<\/b> 2025, elle organise un <b>march\u00e9 des producteurs<\/b>.<\/p>\n<p>    <a href=\"https:\/\/www.facebook.com\/plugins\/post.php?href=https%3A%2F%2Fwww.facebook.com%2FBrasserieLaGironde%2Fposts%2Fpfbid02Rwoq7DQB9z9XAnAkzG3zTb3vWN99JEFjcTcU7abvW2TccQarwkr3oNpZSgH1HVi3l&amp;show_text=true&amp;width=350\" title=\"Ouvrie le lien\" rel=\"nofollow noopener\" target=\"_blank\">Cliquez ici pour visualiser le contenu<\/a><\/p>\n<p>S\u00e8ve de bouleau et ferme p\u00e9dagogique en Gironde<\/p>\n<p class=\" wall-content\">Son projet ? Militer pour l\u2019alimentation locale en <b>circuits courts<\/b>. La vente de s\u00e8ve de bouleau doit lui permettre de financer la mise en place et le fonctionnement d\u2019une <b>ferme p\u00e9dagogique<\/b>.<\/p>\n<p class=\" wall-content\">Elle l\u2019imagine comme une vitrine de l\u2019agriculture paysanne avec un espace forestier de 10 hectares, un \u00e9levage de poules pondeuses, diverses volailles, des porcs, brebis et ch\u00e8vres de race rustique\u2026 Mais aussi un parcours de d\u00e9couverte de la biodiversit\u00e9.\u00a0<\/p>\n<p>Vid\u00e9os : en ce moment sur ActuUn march\u00e9 de producteurs \u00e0 Martillac<\/p>\n<p class=\" wall-content\">Pour commercialiser ses produits, Nathalie Caplanne organise un march\u00e9 de producteurs les 12 et 13 avril \u00e0 la brasserie La Gironde \u00e0 Martillac.<\/p>\n<blockquote class=\"ac-article-quote wall-content\">\n<p>L\u2019id\u00e9e, c\u2019est de se rassembler par sympathie et de partager nos r\u00e9seaux de clients pour d\u00e9velopper la vente directe. On veut d\u00e9velopper notre client\u00e8le en local.<\/p>\n<p>Nathalie Caplanne<\/p><\/blockquote>\n<p class=\" wall-content\">Une <b>douzaine de producteurs<\/b> seront pr\u00e9sents et des d\u00e9gustations seront propos\u00e9es : s\u00e8ve de bouleau, fromage des Pyr\u00e9n\u00e9es, bi\u00e8re artisanale de Martillac, vins, produits d\u00e9riv\u00e9s de plantes (liqueur, sirops, hydrolats\u2026), fruits secs du Lot-et-Garonne, conserves de canard des Landes, miel, confitures, hu\u00eetres du Bassin d\u2019Arcachon\u2026<\/p>\n<p class=\" wall-content\">Il y en aura pour tous les go\u00fbts !<\/p>\n<p>Plus d\u2019informations sur l\u2019\u00e9v\u00e9nement Facebook : D\u00e9lices des sens, le salon qui \u00e9veille vos papilles<\/p>\n<p class=\" wall-content\">Suivez toute l\u2019actualit\u00e9 de vos villes et m\u00e9dias favoris en vous inscrivant \u00e0 <a href=\"https:\/\/moncompte.actu.fr\" title=\"D\u00e9couvez Mon Actu\" rel=\"nofollow noopener\" data-trk=\"{&quot;cta&quot;:{&quot;action&quot;:&quot;https:\\\/\\\/moncompte.actu.fr&quot;,&quot;category&quot;:&quot;mon compte&quot;,&quot;from&quot;:&quot;article footer&quot;,&quot;name&quot;:&quot;Mon actu&quot;,&quot;type&quot;:&quot;cta&quot;}}\" target=\"_blank\">Mon Actu<\/a>.<\/p>\n","protected":false},"excerpt":{"rendered":"Par R\u00e9daction Le R\u00e9publicain Langon Publi\u00e9 le 6 avr. 2025 \u00e0 19h00 Nouveaut\u00e9 \u00e0 Martillac ! D\u00e9lices des&hellip;\n","protected":false},"author":2,"featured_media":11941,"comment_status":"","ping_status":"","sticky":false,"template":"","format":"standard","meta":{"footnotes":""},"categories":[2817],"tags":[1111,11,327,1063,1997,1777,674,1011,27,2089,12,2219,25,104],"class_list":{"0":"post-11940","1":"post","2":"type-post","3":"status-publish","4":"format-standard","5":"has-post-thumbnail","7":"category-bordeaux","8":"tag-actu","9":"tag-actualites","10":"tag-agriculture","11":"tag-animations","12":"tag-bordeaux","13":"tag-eu","14":"tag-europe","15":"tag-fr","16":"tag-france","17":"tag-marche","18":"tag-news","19":"tag-nouvelle-aquitaine","20":"tag-republique-francaise","21":"tag-societe"},"share_on_mastodon":{"url":"https:\/\/pubeurope.com\/@fr\/114306597814410816","error":""},"_links":{"self":[{"href":"https:\/\/www.europesays.com\/fr\/wp-json\/wp\/v2\/posts\/11940","targetHints":{"allow":["GET"]}}],"collection":[{"href":"https:\/\/www.europesays.com\/fr\/wp-json\/wp\/v2\/posts"}],"about":[{"href":"https:\/\/www.europesays.com\/fr\/wp-json\/wp\/v2\/types\/post"}],"author":[{"embeddable":true,"href":"https:\/\/www.europesays.com\/fr\/wp-json\/wp\/v2\/users\/2"}],"replies":[{"embeddable":true,"href":"https:\/\/www.europesays.com\/fr\/wp-json\/wp\/v2\/comments?post=11940"}],"version-history":[{"count":0,"href":"https:\/\/www.europesays.com\/fr\/wp-json\/wp\/v2\/posts\/11940\/revisions"}],"wp:featuredmedia":[{"embeddable":true,"href":"https:\/\/www.europesays.com\/fr\/wp-json\/wp\/v2\/media\/11941"}],"wp:attachment":[{"href":"https:\/\/www.europesays.com\/fr\/wp-json\/wp\/v2\/media?parent=11940"}],"wp:term":[{"taxonomy":"category","embeddable":true,"href":"https:\/\/www.europesays.com\/fr\/wp-json\/wp\/v2\/categories?post=11940"},{"taxonomy":"post_tag","embeddable":true,"href":"https:\/\/www.europesays.com\/fr\/wp-json\/wp\/v2\/tags?post=11940"}],"curies":[{"name":"wp","href":"https:\/\/api.w.org\/{rel}","templated":true}]}}