{"id":119402,"date":"2025-05-22T12:17:07","date_gmt":"2025-05-22T12:17:07","guid":{"rendered":"https:\/\/www.europesays.com\/fr\/119402\/"},"modified":"2025-05-22T12:17:07","modified_gmt":"2025-05-22T12:17:07","slug":"pres-de-lyon-les-gens-du-voyage-sinstallent-dans-sa-commune-le-maire-fait-un-choix-fort","status":"publish","type":"post","link":"https:\/\/www.europesays.com\/fr\/119402\/","title":{"rendered":"Pr\u00e8s de Lyon. Les gens du voyage s&rsquo;installent dans sa commune, le maire fait un choix fort"},"content":{"rendered":"<p>            Par<br \/>\n        <strong><br \/>\n            <a href=\"https:\/\/actu.fr\/auteur\/nicolas-zaugra\" title=\"Consulter tous les articles de Nicolas Zaugra\" rel=\"nofollow noopener\" target=\"_blank\">Nicolas Zaugra<\/a><br \/>\n        <\/strong><\/p>\n<p>        Publi\u00e9 le<\/p>\n<p>            22 mai 2025 \u00e0 12h22        <\/p>\n<p>Mai 2018, 2024 puis de nouveau mai 2025 : la commune de Ternay (<a href=\"https:\/\/actu.fr\/auvergne-rhone-alpes\/rhone_69\" rel=\"nofollow noopener\" target=\"_blank\">Rh\u00f4ne<\/a>) dans la m\u00e9tropole de <a href=\"https:\/\/actu.fr\/auvergne-rhone-alpes\/lyon_69123\/\" rel=\"nofollow noopener\" target=\"_blank\">Lyon<\/a> est de nouveau confront\u00e9e \u00e0 une installation de gens du voyage sur un terrain. <strong>30 caravanes<\/strong> de <a href=\"https:\/\/actu.fr\/auvergne-rhone-alpes\/villefranche-sur-saone_69264\/pres-de-lyon-les-gens-du-voyage-s-installent-illegalement-et-peuvent-rester_61139856.html\" rel=\"nofollow noopener\" target=\"_blank\">gens du voyage<\/a> se sont install\u00e9es sur le terrain en herbe du complexe Dev\u00e8s, ce qui fait enrager le maire Mattia Scotti.<\/p>\n<p class=\" wall-content\">L\u2019\u00e9lu de la commune a pris un arr\u00eat\u00e9 d\u2019expulsion sign\u00e9 ce lundi, mais qui prendra effet seulement le 1er juin prochain. Les caravanes se sont install\u00e9es en profitant de l\u2019ouverture du terrain de dimanche \u00e0 l\u2019occasion d\u2019un vide-grenier, selon nos confr\u00e8res du <a href=\"https:\/\/c.leprogres.fr\/societe\/2025\/05\/19\/les-gens-du-voyage-s-installent-une-nouvelle-fois-complexe-du-deves-a-ternay?login=1\" rel=\"nofollow noopener\" target=\"_blank\">Progr\u00e8s<\/a>.\u00a0<\/p>\n<p>D\u00e9j\u00e0 venus l\u2019automne dernier<\/p>\n<p class=\" wall-content\">Ces m\u00eames gens du voyage \u00e9taient d\u00e9j\u00e0 venus l\u2019automne dernier, fin 2024 sans laisser de <strong>d\u00e9g\u00e2ts<\/strong> derri\u00e8re eux. Ils se sont engag\u00e9s \u00e0 payer un forfait pour les frais d\u2019\u00e9lectricit\u00e9, d\u2019eau et de retrait des ordures, selon la mairie.\u00a0<\/p>\n<p class=\" wall-content\">\u00ab\u00a0Exasp\u00e9r\u00e9\u00a0\u00bb par ces intrusions \u00e0 r\u00e9p\u00e9tition, le maire a donc pris un arr\u00eat\u00e9 d\u2019expulsion et se dit pr\u00eat \u00e0 installer des blocs en b\u00e9ton ou tout syst\u00e8me qui emp\u00eachent les caravanes de s\u2019installer sur sa commune. En 2019, le maire avait d\u00e9j\u00e0 pris la d\u00e9cision radicale d\u2019installer des blocs de b\u00e9ton pour emp\u00eacher les \u00ab\u00a0squats\u00a0\u00bb et les installations sur les terrains de sport et le stade.\u00a0<\/p>\n<p>    <a href=\"https:\/\/www.google.com\/maps\/embed?pb=!1m18!1m12!1m3!1d182830.87409208284!2d4.775972679864077!3d45.61977073272346!2m3!1f0!2f0!3f0!3m2!1i1024!2i768!4f13.1!3m3!1m2!1s0x47f4e6fdfacf5d29%3A0x408ab2ae4bb1750!2s69360%20Ternay!5e1!3m2!1sfr!2sfr!4v1747908638284!5m2!1sfr!2sfr\" title=\"Ouvrie le lien\" rel=\"nofollow noopener\" target=\"_blank\">Cliquez ici pour visualiser le contenu<\/a><\/p>\n<p>Vid\u00e9os : en ce moment sur ActuToujours pas d\u2019aire d\u2019accueil officielle<\/p>\n<p class=\" wall-content\">L\u2019installation sauvage de gens du voyage touche de nombreuses communes du Rh\u00f4ne souvent par absence d\u2019aire d\u2019accueil officielle, malgr\u00e9 <strong>l\u2019obligation l\u00e9gale<\/strong> pour les communaut\u00e9s de commune d\u2019en construire.<\/p>\n<p class=\" wall-content\">Dans la zone de Ternay, la Communaut\u00e9 de communes du Pays de l\u2019Ozon n\u2019a toujours pas avanc\u00e9 sur ce projet. L\u2019id\u00e9e d\u2019am\u00e9nager une aire d\u2019accueil est en d\u00e9bat depuis plus de 20 ans dans ce secteur au sud de Lyon.<\/p>\n<p class=\" wall-content\">Suivez toute l\u2019actualit\u00e9 de vos villes et m\u00e9dias favoris en vous inscrivant \u00e0 <a href=\"https:\/\/moncompte.actu.fr\" title=\"D\u00e9couvez Mon Actu\" rel=\"nofollow noopener\" data-trk=\"{&quot;cta&quot;:{&quot;action&quot;:&quot;https:\\\/\\\/moncompte.actu.fr&quot;,&quot;category&quot;:&quot;mon compte&quot;,&quot;from&quot;:&quot;article footer&quot;,&quot;name&quot;:&quot;Mon actu&quot;,&quot;type&quot;:&quot;cta&quot;}}\" target=\"_blank\">Mon Actu<\/a>.<\/p>\n","protected":false},"excerpt":{"rendered":"Par Nicolas Zaugra Publi\u00e9 le 22 mai 2025 \u00e0 12h22 Mai 2018, 2024 puis de nouveau mai 2025&hellip;\n","protected":false},"author":2,"featured_media":119403,"comment_status":"","ping_status":"","sticky":false,"template":"","format":"standard","meta":{"footnotes":""},"categories":[1889],"tags":[1111,11,2430,1777,674,1011,27,2428,12,25,104,586],"class_list":{"0":"post-119402","1":"post","2":"type-post","3":"status-publish","4":"format-standard","5":"has-post-thumbnail","7":"category-lyon","8":"tag-actu","9":"tag-actualites","10":"tag-auvergne-rhone-alpes","11":"tag-eu","12":"tag-europe","13":"tag-fr","14":"tag-france","15":"tag-lyon","16":"tag-news","17":"tag-republique-francaise","18":"tag-societe","19":"tag-voyage"},"share_on_mastodon":{"url":"https:\/\/pubeurope.com\/@fr\/114551445524839603","error":""},"_links":{"self":[{"href":"https:\/\/www.europesays.com\/fr\/wp-json\/wp\/v2\/posts\/119402","targetHints":{"allow":["GET"]}}],"collection":[{"href":"https:\/\/www.europesays.com\/fr\/wp-json\/wp\/v2\/posts"}],"about":[{"href":"https:\/\/www.europesays.com\/fr\/wp-json\/wp\/v2\/types\/post"}],"author":[{"embeddable":true,"href":"https:\/\/www.europesays.com\/fr\/wp-json\/wp\/v2\/users\/2"}],"replies":[{"embeddable":true,"href":"https:\/\/www.europesays.com\/fr\/wp-json\/wp\/v2\/comments?post=119402"}],"version-history":[{"count":0,"href":"https:\/\/www.europesays.com\/fr\/wp-json\/wp\/v2\/posts\/119402\/revisions"}],"wp:featuredmedia":[{"embeddable":true,"href":"https:\/\/www.europesays.com\/fr\/wp-json\/wp\/v2\/media\/119403"}],"wp:attachment":[{"href":"https:\/\/www.europesays.com\/fr\/wp-json\/wp\/v2\/media?parent=119402"}],"wp:term":[{"taxonomy":"category","embeddable":true,"href":"https:\/\/www.europesays.com\/fr\/wp-json\/wp\/v2\/categories?post=119402"},{"taxonomy":"post_tag","embeddable":true,"href":"https:\/\/www.europesays.com\/fr\/wp-json\/wp\/v2\/tags?post=119402"}],"curies":[{"name":"wp","href":"https:\/\/api.w.org\/{rel}","templated":true}]}}