{"id":119416,"date":"2025-05-22T12:26:09","date_gmt":"2025-05-22T12:26:09","guid":{"rendered":"https:\/\/www.europesays.com\/fr\/119416\/"},"modified":"2025-05-22T12:26:09","modified_gmt":"2025-05-22T12:26:09","slug":"que-se-passe-t-il-a-la-frontiere-entre-la-finlande-et-la-russie","status":"publish","type":"post","link":"https:\/\/www.europesays.com\/fr\/119416\/","title":{"rendered":"que se passe-t-il \u00e0 la fronti\u00e8re entre la Finlande et la Russie ?"},"content":{"rendered":"<p class=\"article-p mdl\">Comme un air de d\u00e9j\u00e0-vu. \u00c0 sa fronti\u00e8re avec la Finlande, la Russie renforce ses infrastructures militaires.\u00a0Selon des images satellites r\u00e9centes, consult\u00e9es par le\u00a0<a class=\"link\" href=\"https:\/\/www.nytimes.com\/2025\/05\/19\/world\/europe\/russia-finland-border.html?searchResultPosition=2\" target=\"_blank\" rel=\"nofollow noopener\">New York Times\u00a0<\/a>et authentifi\u00e9es par l&rsquo;OTAN, les forces russes ont mont\u00e9 des rang\u00e9es de nouvelles tentes et de nouveaux entrep\u00f4ts qui <strong>pourraient abriter des v\u00e9hicules militaires.\u00a0<\/strong><\/p>\n<p class=\"article-p mdl\">Depuis f\u00e9vrier 2025, plus de 130 tentes militaires ont \u00e9t\u00e9 install\u00e9es \u00e0 Kamenka, \u00e0 seulement 60 km de la fronti\u00e8re finlandaise. Cette zone, encore inexploit\u00e9e en 2022, <strong>semble d\u00e9sormais en mesure d\u2019h\u00e9berger jusqu\u2019\u00e0 2.000 soldats<\/strong>, r\u00e9v\u00e8le<a class=\"link\" href=\"https:\/\/www.france24.com\/fr\/europe\/20250520-la-fronti%C3%A8re-russie-finlande-futur-point-chaud-apr%C3%A8s-la-guerre-en-ukraine-otan-poutine\" target=\"_blank\" rel=\"nofollow noopener\"> France 24<\/a>. Des mouvements qui se diff\u00e9rencient de ceux observ\u00e9s \u00e0 la fronti\u00e8re avec l&rsquo;Ukraine avant l&rsquo;invasion. Peu de troupes ont \u00e9t\u00e9 d\u00e9plac\u00e9es le long de cette fronti\u00e8re et les Finlandais assurent que cela ne constitue pas encore une v\u00e9ritable menace.\u00a0<\/p>\n<p class=\"article-p mdl\">Si la Russie se d\u00e9ploie dans cette zone, c&rsquo;est avant tout parce que la Finlande a rejoint l&rsquo;OTAN, le 4 avril 2023.\u00a0\u00ab\u00a0C\u2019est leur mani\u00e8re de montrer qu\u2019ils sont pr\u00e9sents et aussi qu\u2019ils sont capables de tous types d\u2019actions\u00a0\u00bb, confie \u00e0<a class=\"link\" href=\"https:\/\/www.rfi.fr\/fr\/europe\/20250521-des-images-satellites-montrent-une-intense-activit%C3%A9-militaire-russe-%C3%A0-la-fronti%C3%A8re-avec-la-finlande\" target=\"_blank\" rel=\"nofollow noopener\"> RFI<\/a>\u00a0l&rsquo;analyste militaire finlandais Emil Kastehelmi.\u00a0<\/p>\n<p>            La Finlande et la Russie face \u00e0 l&rsquo;\u00e9ventualit\u00e9 d&rsquo;une guerre<\/p>\n<p class=\"article-p mdl\">Les forces russes ont \u00e9galement r\u00e9investi, ces deux derni\u00e8res ann\u00e9es, la fronti\u00e8re avec la Su\u00e8de en installant notamment plusieurs radars. Questionn\u00e9 sur ces mouvements de troupes \u00e0 la fronti\u00e8re avec l&rsquo;OTAN, Donald Trump a d\u00e9clar\u00e9 mardi 20 mai ne pas \u00eatre pr\u00e9occup\u00e9.\u00a0\u00ab\u00a0Non, je ne m\u2019en inqui\u00e8te absolument pas\u00a0\u00bb, a d\u00e9clar\u00e9 le pr\u00e9sident am\u00e9ricain, ajoutant que la Finlande et la Norv\u00e8ge \u00ab\u00a0seront en s\u00e9curit\u00e9\u00a0\u00bb.\u00a0<\/p>\n<p class=\"article-p mdl\">Les deux pays se pr\u00e9parent tout de m\u00eame \u00e0 l&rsquo;\u00e9ventualit\u00e9 d&rsquo;une guerre avec la Russie. L&rsquo;hiver dernier,<a class=\"link\" href=\"https:\/\/www.rtl.fr\/actu\/international\/guerre-en-ukraine-kits-de-survie-abris-antiaeriens-la-suede-prepare-sa-population-a-une-eventuelle-guerre-7900442213\" title=\"Guerre en Ukraine : kits de survie, abris antia\u00e9riens... la Su\u00e8de pr\u00e9pare sa population \u00e0 une \u00e9ventuelle guerre\" rel=\"nofollow noopener\" target=\"_blank\"> la Su\u00e8de a distribu\u00e9 des brochures \u00e0 sa population<\/a>, pour les inciter \u00e0 se pr\u00e9parer \u00e0 une guerre. La Finlande a lanc\u00e9 un site internet fournissant aussi des recommandations similaires en cas de guerre.<\/p>\n<p>    La r\u00e9daction vous recommande<\/p>\n<p class=\"s-newsletter__title\">\n                L\u2019actualit\u00e9 par la r\u00e9daction de RTL dans votre bo\u00eete mail.\n            <\/p>\n<p class=\"s-newsletter__subtitle\">\n                Gr\u00e2ce \u00e0 votre compte RTL abonnez-vous \u00e0 la newsletter RTL info pour suivre toute l&rsquo;actualit\u00e9 au quotidien\n            <\/p>\n<p>\n                                    Lire la suite\n                                <\/p>\n","protected":false},"excerpt":{"rendered":"Comme un air de d\u00e9j\u00e0-vu. \u00c0 sa fronti\u00e8re avec la Finlande, la Russie renforce ses infrastructures militaires.\u00a0Selon des&hellip;\n","protected":false},"author":2,"featured_media":119417,"comment_status":"","ping_status":"","sticky":false,"template":"","format":"standard","meta":{"footnotes":""},"categories":[1591],"tags":[11,1887,107,219,131,12,362,360,1885,1886,132],"class_list":{"0":"post-119416","1":"post","2":"type-post","3":"status-publish","4":"format-standard","5":"has-post-thumbnail","7":"category-russie","8":"tag-actualites","9":"tag-federation-de-russie","10":"tag-fil-info","11":"tag-finlande","12":"tag-guerre-en-ukraine","13":"tag-news","14":"tag-replay","15":"tag-replay-integral","16":"tag-russia","17":"tag-russian-federation","18":"tag-russie"},"share_on_mastodon":{"url":"https:\/\/pubeurope.com\/@fr\/114551480949267430","error":""},"_links":{"self":[{"href":"https:\/\/www.europesays.com\/fr\/wp-json\/wp\/v2\/posts\/119416","targetHints":{"allow":["GET"]}}],"collection":[{"href":"https:\/\/www.europesays.com\/fr\/wp-json\/wp\/v2\/posts"}],"about":[{"href":"https:\/\/www.europesays.com\/fr\/wp-json\/wp\/v2\/types\/post"}],"author":[{"embeddable":true,"href":"https:\/\/www.europesays.com\/fr\/wp-json\/wp\/v2\/users\/2"}],"replies":[{"embeddable":true,"href":"https:\/\/www.europesays.com\/fr\/wp-json\/wp\/v2\/comments?post=119416"}],"version-history":[{"count":0,"href":"https:\/\/www.europesays.com\/fr\/wp-json\/wp\/v2\/posts\/119416\/revisions"}],"wp:featuredmedia":[{"embeddable":true,"href":"https:\/\/www.europesays.com\/fr\/wp-json\/wp\/v2\/media\/119417"}],"wp:attachment":[{"href":"https:\/\/www.europesays.com\/fr\/wp-json\/wp\/v2\/media?parent=119416"}],"wp:term":[{"taxonomy":"category","embeddable":true,"href":"https:\/\/www.europesays.com\/fr\/wp-json\/wp\/v2\/categories?post=119416"},{"taxonomy":"post_tag","embeddable":true,"href":"https:\/\/www.europesays.com\/fr\/wp-json\/wp\/v2\/tags?post=119416"}],"curies":[{"name":"wp","href":"https:\/\/api.w.org\/{rel}","templated":true}]}}