{"id":119434,"date":"2025-05-22T12:35:20","date_gmt":"2025-05-22T12:35:20","guid":{"rendered":"https:\/\/www.europesays.com\/fr\/119434\/"},"modified":"2025-05-22T12:35:20","modified_gmt":"2025-05-22T12:35:20","slug":"airbnb-devient-partenaire-du-tour-de-france-pour-faire-rayonner-les-regions","status":"publish","type":"post","link":"https:\/\/www.europesays.com\/fr\/119434\/","title":{"rendered":"Airbnb devient partenaire du Tour de France pour faire rayonner les r\u00e9gions"},"content":{"rendered":"<p>Airbnb et l\u2019organisateur du Tour de France et du Tour de France Femmes avec Zwift annoncent aujourd\u2019hui la signature d\u2019un partenariat d\u2019envergure pour offrir une exp\u00e9rience in\u00e9dite et authentique des courses, en invitant le plus grand nombre \u00e0 la d\u00e9couverte des territoires situ\u00e9s le long de La Grande Boucle.<\/p>\n<p>              LE TOUR DE FRANCE INSPIRE AU VOYAGE DANS L\u2019HEXAGONE\u00a0<\/p>\n<p>L\u2019an dernier, 10 millions1 de passionn\u00e9s se sont retrouv\u00e9s le long du parcours pour encourager les coureurs et ressentir l\u2019adr\u00e9naline de la comp\u00e9tition. Selon une r\u00e9cente \u00e9tude d\u2019OpinionWay, 1 Fran\u00e7ais sur 4 envisagent de r\u00e9server un s\u00e9jour dans une destination valoris\u00e9e par le Tour2. Avec plus de 100 000 annonces3 disponibles le long du Tour, les h\u00f4tes Airbnb se tiennent pr\u00eats \u00e0 ouvrir leurs portes aux spectateurs du Tour. Airbnb lance en parall\u00e8le une s\u00e9rie d\u2019exp\u00e9riences exclusives le long du trac\u00e9 pour faire vivre la magie de l\u2019\u00e9v\u00e9nement \u00e0 un public encore plus large, et encourager la d\u00e9couverte des richesses de nos r\u00e9gions.<\/p>\n<blockquote class=\"wp-block-quote is-layout-flow wp-block-quote-is-layout-flow\">\n<p>\u00ab Avec une pr\u00e9sence dans 29 000 communes de France, Airbnb permet \u00e0 des millions de voyageurs chaque ann\u00e9e de d\u00e9couvrir la diversit\u00e9 des r\u00e9gions fran\u00e7aises. Nous sommes fiers de nous associer au Tour dans sa version masculine comme f\u00e9minine et d\u2018offrir des exp\u00e9riences inoubliables tout au long de la route, qui contribueront \u00e0 attirer de nouveaux voyageurs au c\u0153ur des territoires fran\u00e7ais, et \u00e0 mieux r\u00e9partir les b\u00e9n\u00e9fices du tourisme au sein de l\u2019Hexagone. \u00bb<strong> <\/strong>\u00a0<strong>Brian Chesky, co-fondateur et PDG d\u2019Airbnb<\/strong><\/p>\n<p>\u00ab Le Tour de France a toujours \u00e9t\u00e9 une c\u00e9l\u00e9bration des r\u00e9gions fran\u00e7aises, de leurs paysages, de leur culture et, surtout, des habitants qui en sont les acteurs essentiels. Nous sommes ravis de nous associer \u00e0 Airbnb et d\u2019offrir aux passionn\u00e9s de nouvelles fa\u00e7ons de vivre la course. C\u2019est une aventure partag\u00e9e, pleine de d\u00e9couvertes, d\u2019hospitalit\u00e9 et de passion pour le cyclisme. \u00bb<strong> Christian Prudhomme, directeur du Tour de France<\/strong><\/p>\n<\/blockquote>\n<p>              <strong>DES EXP\u00c9RIENCES EXCLUSIVES LE LONG DE LA GRANDE BOUCLE<\/strong><\/p>\n<p>D\u2019ici \u00e0 d\u00e9but juillet, des centaines d\u2019exp\u00e9riences uniques seront r\u00e9servables sur Airbnb. Certaines, co-cr\u00e9\u00e9es avec le Tour de France, permettront de s\u2019immerger dans les coulisses de l\u2019\u00e9v\u00e9nement aux c\u00f4t\u00e9s d\u2019athl\u00e8tes et de personnalit\u00e9s de la course.\u00a0<\/p>\n<p>Au d\u00e9but du mois, la plateforme a annonc\u00e9 avoir revisit\u00e9 <a href=\"https:\/\/news.airbnb.com\/fr\/edition-ete-2025-a-present-reservez-plus-que-des-logements-sur-airbnb\/\" target=\"_blank\" rel=\"noopener\">les exp\u00e9riences Airbnb,<\/a> en lan\u00e7ant notamment les Airbnb Originals \u2013 des exp\u00e9riences uniques con\u00e7ues avec des h\u00f4tes d\u2019exception, et cr\u00e9\u00e9es\u00a0 exclusivement pour Airbnb. D\u00e9sormais, lorsque les passionn\u00e9s r\u00e9serveront dans l\u2019une des 100 000 annonces disponibles le long du Tour, ils pourront \u00e9galement opter pour une exp\u00e9rience \u2013 et ce, depuis un seul et m\u00eame endroit.\u00a0\u00a0Parmi les exp\u00e9riences uniques propos\u00e9es :\u00a0<\/p>\n<ul class=\"wp-block-list\">\n<li>Commencer sa journ\u00e9e par un petit-d\u00e9jeuner exclusif avec Thomas Voeckler, ancien champion fran\u00e7ais et commentateur actuel du Tour<\/li>\n<li>Cr\u00e9er un maillot sp\u00e9cial en \u00e9dition limit\u00e9e avec Fergus Niland, directeur de la cr\u00e9ation de Santini et designer du c\u00e9l\u00e8bre Maillot Jaune<\/li>\n<li>Rejoindre Stephanie Scheirlynck, nutritionniste de renom sp\u00e9cialis\u00e9e dans le cyclisme pour apprendre \u00e0 pr\u00e9parer des barres \u00e9nerg\u00e9tiques et autres repas d\u2019une haute valeur nutritive<\/li>\n<li>P\u00e9daler lors d\u2019une journ\u00e9e de repos aux c\u00f4t\u00e9s de Steve Chainel, ancien cycliste professionnel, et b\u00e9n\u00e9ficier de ses pr\u00e9cieux conseils et techniques.<\/li>\n<li>Profitez d\u2019informations strat\u00e9giques en direct en vivant une \u00e9tape avec Vincent Lavenu, ancien manager d\u2019\u00e9quipe.<\/li>\n<\/ul>\n<p>Ateliers valorisant l\u2019artisanat local, acc\u00e8s privil\u00e9gi\u00e9 \u00e0 des sites patrimoniaux m\u00e9connus, tours gourmands\u2026 De nombreux h\u00f4tes locaux proposeront \u00e9galement des exp\u00e9riences Airbnb authentiques mettant en avant les sp\u00e9cificit\u00e9s et sp\u00e9cialit\u00e9s r\u00e9gionales. Pour d\u00e9couvrir et r\u00e9server ces exp\u00e9riences, rendez-vous sur la page d\u00e9di\u00e9e aux exp\u00e9riences disponibles \u00e0 proximit\u00e9 du trac\u00e9 : <a href=\"http:\/\/airbnb.com\/tourdefrance2025fr\" target=\"_blank\" rel=\"noopener\">airbnb.com\/tourdefrance2025fr<\/a>.<\/p>\n<p>              <strong>LA DERNI\u00c8RE \u00c9TAPE AUX C\u00d4T\u00c9S DE MARK CAVENDISH<\/strong><\/p>\n<p>Pour marquer l\u2019\u00e9tape finale de l\u2019\u00e9dition 2025, Mark Cavendish, vainqueur de 35 \u00e9tapes du Tour, proposera une exp\u00e9rience exclusive et gratuite au Grand Palais. Cet \u00e9v\u00e9nement unique offrira \u00e0 20 participants l\u2019opportunit\u00e9 de rencontrer cette l\u00e9gende du Tour de France lors d\u2019une soir\u00e9e m\u00e9morable.\u00a0Au programme :<\/p>\n<ul class=\"wp-block-list\">\n<li>Une rencontre avec Mark Cavendish, qui accueillera les invit\u00e9s et partagera des anecdotes sur sa carri\u00e8re et de son histoire avec le Tour.<\/li>\n<li>Une masterclass de cyclisme o\u00f9 les participants b\u00e9n\u00e9ficieront des conseils de Mark pour repousser leurs limites.<\/li>\n<li>L\u2019occasion exceptionnelle de forger des souvenirs inoubliables en p\u00e9dalant aux c\u00f4t\u00e9s de Mark, sous la magnifique verri\u00e8re du Grand Palais<\/li>\n<li>Le lendemain, un acc\u00e8s VIP au sprint final \u00e0 seulement quelques m\u00e8tres de la ligne d\u2019arriv\u00e9e sur les Champs-Elys\u00e9es, offrant une vue imprenable sur les coureurs.\u00a0<\/li>\n<\/ul>\n<p><img loading=\"lazy\" data-recalc-dims=\"1\" decoding=\"async\" width=\"5504\" height=\"8256\" data-id=\"437114\" src=\"https:\/\/www.europesays.com\/fr\/wp-content\/uploads\/2025\/05\/Huynh_OOA_Mark_Experience_1425.jpg\" alt=\"\" class=\"wp-image-437114\"  \/><br \/>\n<img loading=\"lazy\" data-recalc-dims=\"1\" decoding=\"async\" width=\"5444\" height=\"8166\" data-id=\"437115\" src=\"https:\/\/www.europesays.com\/fr\/wp-content\/uploads\/2025\/05\/Huynh_OOA_Mark_Experience_1497.jpg\" alt=\"\" class=\"wp-image-437115\"  \/><br \/>\n<img data-recalc-dims=\"1\" loading=\"lazy\" decoding=\"async\" width=\"5504\" height=\"8256\" data-id=\"437113\" src=\"https:\/\/www.europesays.com\/fr\/wp-content\/uploads\/2025\/05\/Huynh_OOA_Mark_Experience_0980.jpg\" alt=\"\" class=\"wp-image-437113\"  \/><\/p>\n<blockquote class=\"wp-block-quote is-layout-flow wp-block-quote-is-layout-flow\">\n<p>\u00ab J\u2019ai eu la chance de vivre de nombreuses victoires et des moments inoubliables avec le Tour de France, mais je n\u2019ai jamais eu l\u2019occasion de p\u00e9daler dans le Grand Palais. Je suis tr\u00e8s enthousiaste \u00e0 l\u2019id\u00e9e d\u2019accueillir et de partager cette exp\u00e9rience Airbnb avec les participants ! \u00bb, ajoute Mark Cavendish, champion cycliste mondialement connu et h\u00f4te exp\u00e9rience Airbnb.<\/p>\n<\/blockquote>\n<p><img data-recalc-dims=\"1\" loading=\"lazy\" decoding=\"async\" width=\"8256\" height=\"5504\" data-id=\"437120\" src=\"https:\/\/www.europesays.com\/fr\/wp-content\/uploads\/2025\/05\/Huynh_OOA_Mark_Experience_0377.jpg\" alt=\"\" class=\"wp-image-437120\"  \/><\/p>\n<blockquote class=\"wp-block-quote is-layout-flow wp-block-quote-is-layout-flow\">\n<p>Cette exp\u00e9rience inoubliable aura lieu le 26 juillet 2025, de 20h00 \u00e0 22h30 et se poursuivra le 27 juillet \u00e0 partir de 16h00. Les participants pourront effectuer une demande de r\u00e9servation \u00e0 partir du 27 mai \u00e0 18h00 sur <a href=\"http:\/\/airbnb.fr\/cavendish\" target=\"_blank\" rel=\"noopener\">airbnb.fr\/cavendish<\/a>. Les personnes ayant r\u00e9serv\u00e9 l\u2019exp\u00e9rience sont responsables de leurs propres d\u00e9placements vers et depuis Paris, ainsi que de leur h\u00e9bergement.\u00a0<\/p>\n<\/blockquote>\n","protected":false},"excerpt":{"rendered":"Airbnb et l\u2019organisateur du Tour de France et du Tour de France Femmes avec Zwift annoncent aujourd\u2019hui la&hellip;\n","protected":false},"author":2,"featured_media":119435,"comment_status":"","ping_status":"","sticky":false,"template":"","format":"standard","meta":{"footnotes":""},"categories":[4],"tags":[11,18304,12214,1011,27,12,20743,25,1666],"class_list":{"0":"post-119434","1":"post","2":"type-post","3":"status-publish","4":"format-standard","5":"has-post-thumbnail","7":"category-france","8":"tag-actualites","9":"tag-destinations","10":"tag-experiences","11":"tag-fr","12":"tag-france","13":"tag-news","14":"tag-partenariats","15":"tag-republique-francaise","16":"tag-voyages"},"share_on_mastodon":{"url":"https:\/\/pubeurope.com\/@fr\/114551516490483360","error":""},"_links":{"self":[{"href":"https:\/\/www.europesays.com\/fr\/wp-json\/wp\/v2\/posts\/119434","targetHints":{"allow":["GET"]}}],"collection":[{"href":"https:\/\/www.europesays.com\/fr\/wp-json\/wp\/v2\/posts"}],"about":[{"href":"https:\/\/www.europesays.com\/fr\/wp-json\/wp\/v2\/types\/post"}],"author":[{"embeddable":true,"href":"https:\/\/www.europesays.com\/fr\/wp-json\/wp\/v2\/users\/2"}],"replies":[{"embeddable":true,"href":"https:\/\/www.europesays.com\/fr\/wp-json\/wp\/v2\/comments?post=119434"}],"version-history":[{"count":0,"href":"https:\/\/www.europesays.com\/fr\/wp-json\/wp\/v2\/posts\/119434\/revisions"}],"wp:featuredmedia":[{"embeddable":true,"href":"https:\/\/www.europesays.com\/fr\/wp-json\/wp\/v2\/media\/119435"}],"wp:attachment":[{"href":"https:\/\/www.europesays.com\/fr\/wp-json\/wp\/v2\/media?parent=119434"}],"wp:term":[{"taxonomy":"category","embeddable":true,"href":"https:\/\/www.europesays.com\/fr\/wp-json\/wp\/v2\/categories?post=119434"},{"taxonomy":"post_tag","embeddable":true,"href":"https:\/\/www.europesays.com\/fr\/wp-json\/wp\/v2\/tags?post=119434"}],"curies":[{"name":"wp","href":"https:\/\/api.w.org\/{rel}","templated":true}]}}