{"id":11946,"date":"2025-04-09T06:35:15","date_gmt":"2025-04-09T06:35:15","guid":{"rendered":"https:\/\/www.europesays.com\/fr\/11946\/"},"modified":"2025-04-09T06:35:15","modified_gmt":"2025-04-09T06:35:15","slug":"marseille-une-mobilisation-contre-lextreme-droite","status":"publish","type":"post","link":"https:\/\/www.europesays.com\/fr\/11946\/","title":{"rendered":"Marseille, une mobilisation contre l\u2019extr\u00eame droite"},"content":{"rendered":"\n<p>Bardella, Le Pen, Marseille n\u2019est pas \u00e0 toi\u00a0\u00bb. Sur la place Castellane, ils sont environ 200, (selon la pr\u00e9fecture), ce samedi matin \u00e0 scander ces mots. En r\u00e9ponse \u00e0 l\u2019organisation d\u2019un meeting du Rassemblement National au Florida Palace, \u00e0 la Capelette, Riposte Antifaciste et Antifa Social Club ont appel\u00e9 \u00e0 manifester. \u00ab\u00a0On veut montrer que d\u00e8s que l\u2019extr\u00eame droite essayera de mobiliser, on s\u2019organisera en face\u00a0\u00bb, explique Camille, membre d\u2019un comit\u00e9 de quartier antifasciste et organisateur du rassemblement. \u00ab\u00a0On ne peut pas leur laisser la rue\u00a0\u00bb, affirme Ga\u00ebl, de la jeunesse communiste. Un rassemblement pour d\u00e9noncer \u00e9galement les atteintes \u00e0 l\u2019\u00e9tat de droit par une partie de la classe politique, y compris le Premier ministre \u00ab\u00a0troubl\u00e9\u00a0\u00bb par le jugement. Pour Sophie, juriste, c\u2019\u00e9tait important d\u2019\u00eatre l\u00e0 aujourd\u2019hui\u00a0: \u00ab\u00a0Pour moi, c\u2019est inacceptable qu\u2019ils se croient au-dessus du droit\u00a0\u00bb. Un constat partag\u00e9 par Philippe, repr\u00e9sentant de l\u2019association Vigilance initiatives syndicales antifascistes (Visa)\u00a0: \u00ab\u00a0Il n\u2019y a pas d\u2019immunit\u00e9 possible alors qu\u2019elle [Marine Le Pen] a d\u00e9tourn\u00e9 4 millions d\u2019euros\u00a0\u00bb.<\/p>\n<p>Autre pr\u00e9occupation des militants : faire pression sur le Florida Palace pour qu\u2019il cesse d\u2019accueillir le RN.<\/p>\n","protected":false},"excerpt":{"rendered":"Bardella, Le Pen, Marseille n\u2019est pas \u00e0 toi\u00a0\u00bb. Sur la place Castellane, ils sont environ 200, (selon la&hellip;\n","protected":false},"author":2,"featured_media":11947,"comment_status":"","ping_status":"","sticky":false,"template":"","format":"standard","meta":{"footnotes":""},"categories":[2814],"tags":[1111,11,1777,674,5605,1011,27,884,12,882,25],"class_list":{"0":"post-11946","1":"post","2":"type-post","3":"status-publish","4":"format-standard","5":"has-post-thumbnail","7":"category-marseille","8":"tag-actu","9":"tag-actualites","10":"tag-eu","11":"tag-europe","12":"tag-eva-janus","13":"tag-fr","14":"tag-france","15":"tag-marseille","16":"tag-news","17":"tag-provence-alpes-cote-dazur","18":"tag-republique-francaise"},"share_on_mastodon":{"url":"https:\/\/pubeurope.com\/@fr\/114306621283377322","error":""},"_links":{"self":[{"href":"https:\/\/www.europesays.com\/fr\/wp-json\/wp\/v2\/posts\/11946","targetHints":{"allow":["GET"]}}],"collection":[{"href":"https:\/\/www.europesays.com\/fr\/wp-json\/wp\/v2\/posts"}],"about":[{"href":"https:\/\/www.europesays.com\/fr\/wp-json\/wp\/v2\/types\/post"}],"author":[{"embeddable":true,"href":"https:\/\/www.europesays.com\/fr\/wp-json\/wp\/v2\/users\/2"}],"replies":[{"embeddable":true,"href":"https:\/\/www.europesays.com\/fr\/wp-json\/wp\/v2\/comments?post=11946"}],"version-history":[{"count":0,"href":"https:\/\/www.europesays.com\/fr\/wp-json\/wp\/v2\/posts\/11946\/revisions"}],"wp:featuredmedia":[{"embeddable":true,"href":"https:\/\/www.europesays.com\/fr\/wp-json\/wp\/v2\/media\/11947"}],"wp:attachment":[{"href":"https:\/\/www.europesays.com\/fr\/wp-json\/wp\/v2\/media?parent=11946"}],"wp:term":[{"taxonomy":"category","embeddable":true,"href":"https:\/\/www.europesays.com\/fr\/wp-json\/wp\/v2\/categories?post=11946"},{"taxonomy":"post_tag","embeddable":true,"href":"https:\/\/www.europesays.com\/fr\/wp-json\/wp\/v2\/tags?post=11946"}],"curies":[{"name":"wp","href":"https:\/\/api.w.org\/{rel}","templated":true}]}}