{"id":119465,"date":"2025-05-22T12:53:07","date_gmt":"2025-05-22T12:53:07","guid":{"rendered":"https:\/\/www.europesays.com\/fr\/119465\/"},"modified":"2025-05-22T12:53:07","modified_gmt":"2025-05-22T12:53:07","slug":"info-la-provence-en-route-pour-avignon-omar-sy-accuse-de-menaces-de-mort-et-outrages-sur-des-agents-sncf-en-gare-a-paris","status":"publish","type":"post","link":"https:\/\/www.europesays.com\/fr\/119465\/","title":{"rendered":"INFO LA PROVENCE. En route pour Avignon, Omar Sy accus\u00e9 de menaces de mort et outrages sur des agents SNCF en gare \u00e0 Paris"},"content":{"rendered":"<p>Le d\u00e9part pour Avignon a \u00e9t\u00e9 quelque peu mouvement\u00e9 \u00e0 Paris gare de Lyon, ce jeudi 22\u00a0mai. Selon nos informations, l\u2019<a href=\"https:\/\/www.laprovence.com\/article\/sante\/1850956153198314\/omar-sy-joue-les-super-heros-a-lhopital-davignon\" target=\"_blank\" rel=\"nofollow noopener\">acteur fran\u00e7ais Omar Sy<\/a> est accus\u00e9 de menaces de mort et outrages sur des agents SNCF lors d\u2019une altercation qui aurait d\u00e9marr\u00e9 sur le quai de la gare vers 7h, alors qu\u2019il s\u2019appr\u00eatait \u00e0 monter \u00e0 bord d\u2019un train en direction de la cit\u00e9 des papes. Sa pr\u00e9sence comme invit\u00e9 du <a href=\"https:\/\/www.laprovence.com\/article\/region\/1937923071597214\/exclusif-louis-vuitton-a-avignon-omar-sy-assistera-au-defile-ce-jeudi-soir-au-palais-des-papes\" target=\"_blank\" rel=\"nofollow noopener\">d\u00e9fil\u00e9 Vuitton au palais des papes<\/a> a \u00e9t\u00e9 \u00e9voqu\u00e9e.<\/p>\n<p>La raison\u00a0? Les agents de s\u00fbret\u00e9 auraient demand\u00e9 \u00e0 la personnalit\u00e9 pr\u00e9f\u00e9r\u00e9e des Fran\u00e7ais (\u00e9tude Ifop 2025 r\u00e9alis\u00e9e pour le JDD) de museler son chien au d\u00e9part du train <a href=\"https:\/\/www.sncf-connect.com\/aide\/voyager-avec-un-animal\" target=\"_blank\" rel=\"nofollow noopener\">comme l\u2019exige la SNCF<\/a>. Apr\u00e8s un premier esclandre d\u2019Omar Sy au d\u00e9part, notamment des menaces de mort et des insultes prof\u00e9r\u00e9es \u00e0 l\u2019encontre des agents sur le quai, les probl\u00e8mes auraient continu\u00e9 \u00e0 bord du train.<\/p>\n<p>Il est reproch\u00e9 \u00e0 Omar Sy d\u2019avoir r\u00e9p\u00e9t\u00e9 les faits de menaces et d\u2019outrages, cette fois \u00e0 l\u2019encontre des contr\u00f4leurs, devant les autres voyageurs de la voiture. De son c\u00f4t\u00e9, la SNCF confirme qu&rsquo;il y a bien eu \u00ab\u00a0une altercation et des propos mena\u00e7ants tenus par Monsieur Sy\u00a0\u00bb. La soci\u00e9t\u00e9 ferroviaire assure que des poursuites seront engag\u00e9es.\u00a0<\/p>\n<p>Lors de son arriv\u00e9e \u00e0 10h20, l\u2019acteur c\u00e9saris\u00e9 et qui poss\u00e8de une r\u00e9sidence dans les Alpilles, n\u2019a en revanche pas \u00e9t\u00e9 appr\u00e9hend\u00e9 par la police.<\/p>\n","protected":false},"excerpt":{"rendered":"Le d\u00e9part pour Avignon a \u00e9t\u00e9 quelque peu mouvement\u00e9 \u00e0 Paris gare de Lyon, ce jeudi 22\u00a0mai. Selon&hellip;\n","protected":false},"author":2,"featured_media":119466,"comment_status":"","ping_status":"","sticky":false,"template":"","format":"standard","meta":{"footnotes":""},"categories":[8],"tags":[17,10983,6184,58,59,274,1011,27,1922,24047,471,1186,209],"class_list":{"0":"post-119465","1":"post","2":"type-post","3":"status-publish","4":"format-standard","5":"has-post-thumbnail","7":"category-divertissement","8":"tag-17","9":"tag-accuse","10":"tag-avignon","11":"tag-divertissement","12":"tag-entertainment","13":"tag-faits-divers-justice","14":"tag-fr","15":"tag-france","16":"tag-info","17":"tag-omar","18":"tag-pour","19":"tag-provence","20":"tag-route"},"share_on_mastodon":{"url":"https:\/\/pubeurope.com\/@fr\/114551587068967312","error":""},"_links":{"self":[{"href":"https:\/\/www.europesays.com\/fr\/wp-json\/wp\/v2\/posts\/119465","targetHints":{"allow":["GET"]}}],"collection":[{"href":"https:\/\/www.europesays.com\/fr\/wp-json\/wp\/v2\/posts"}],"about":[{"href":"https:\/\/www.europesays.com\/fr\/wp-json\/wp\/v2\/types\/post"}],"author":[{"embeddable":true,"href":"https:\/\/www.europesays.com\/fr\/wp-json\/wp\/v2\/users\/2"}],"replies":[{"embeddable":true,"href":"https:\/\/www.europesays.com\/fr\/wp-json\/wp\/v2\/comments?post=119465"}],"version-history":[{"count":0,"href":"https:\/\/www.europesays.com\/fr\/wp-json\/wp\/v2\/posts\/119465\/revisions"}],"wp:featuredmedia":[{"embeddable":true,"href":"https:\/\/www.europesays.com\/fr\/wp-json\/wp\/v2\/media\/119466"}],"wp:attachment":[{"href":"https:\/\/www.europesays.com\/fr\/wp-json\/wp\/v2\/media?parent=119465"}],"wp:term":[{"taxonomy":"category","embeddable":true,"href":"https:\/\/www.europesays.com\/fr\/wp-json\/wp\/v2\/categories?post=119465"},{"taxonomy":"post_tag","embeddable":true,"href":"https:\/\/www.europesays.com\/fr\/wp-json\/wp\/v2\/tags?post=119465"}],"curies":[{"name":"wp","href":"https:\/\/api.w.org\/{rel}","templated":true}]}}