{"id":119467,"date":"2025-05-22T12:54:10","date_gmt":"2025-05-22T12:54:10","guid":{"rendered":"https:\/\/www.europesays.com\/fr\/119467\/"},"modified":"2025-05-22T12:54:10","modified_gmt":"2025-05-22T12:54:10","slug":"mathieu-kassovitz-et-gildo-pastor-fondent-venturi-production-a-la-croisee-du-cinema-et-de-la-conquete-spatiale","status":"publish","type":"post","link":"https:\/\/www.europesays.com\/fr\/119467\/","title":{"rendered":"Mathieu Kassovitz et Gildo Pastor fondent Venturi Production, \u00e0 la crois\u00e9e du cin\u00e9ma et de la conqu\u00eate spatiale"},"content":{"rendered":"<p>Le r\u00e9alisateur de La Haine et l\u2019industriel mon\u00e9gasque s\u2019allient pour cr\u00e9er une soci\u00e9t\u00e9 de production tourn\u00e9e vers l\u2019innovation technologique de pointe.<\/p>\n<p class=\"fig-paragraph\">De la banlieue parisienne \u00e0 la Lune, il n\u2019y a parfois qu\u2019un pas. Ou plut\u00f4t une vision\u00a0: celle de Venturi Production, nouvelle structure pr\u00e9sent\u00e9e \u00e0 Cannes mercredi par\u00a0<a href=\"http:\/\/www.lefigaro.fr\/sports\/moto\/mathieu-kassovitz-au-figaro-un-de-mes-reves-serait-de-disputer-les-24-heures-du-mans-20250419\" data-fig-type=\"NewsFlash\" data-gtm-custom-categorie=\"navigation\" data-gtm-custom-action=\"crossclick\" data-gtm-custom-label=\"Contextuel\" data-gtm-event=\"customEventSPE\" data-fig-domain=\"LEFIGARO\" rel=\"nofollow noopener\" target=\"_blank\">Mathieu Kassovitz<\/a>\u00a0et\u00a0<a href=\"https:\/\/www.lefigaro.fr\/actualite-france\/2018\/09\/17\/01016-20180917ARTFIG00010-la-famille-pastor-une-dynastie-de-richissimes-proprietaires-qui-ont-faconne-monaco.php\" data-fig-type=\"Article\" data-gtm-custom-categorie=\"navigation\" data-gtm-custom-action=\"crossclick\" data-gtm-custom-label=\"Contextuel\" data-gtm-event=\"customEventSPE\" data-fig-domain=\"LEFIGARO\" rel=\"nofollow noopener\" target=\"_blank\">Gildo Pastor<\/a>, avec l\u2019ambition de renouveler les formes du r\u00e9cit cin\u00e9matographique \u00e0 l\u2019\u00e8re technologique. Films, s\u00e9ries, jeux vid\u00e9o et\u00a0<a href=\"https:\/\/www.lefigaro.fr\/culture\/documentaires-francais-la-selection-de-la-redaction-culture-20210214\" data-fig-type=\"Article\" data-gtm-custom-categorie=\"navigation\" data-gtm-custom-action=\"crossclick\" data-gtm-custom-label=\"Contextuel\" data-gtm-event=\"customEventSPE\" data-fig-domain=\"LEFIGARO\" rel=\"nofollow noopener\" target=\"_blank\">documentaires<\/a>\u2026 le catalogue sera r\u00e9solument tourn\u00e9 vers la science et l\u2019ing\u00e9nierie, tant par ses th\u00e8mes que ses outils. \u00abL\u2019ambition est de mettre en lumi\u00e8re l\u2019intelligence humaine et la cr\u00e9ativit\u00e9, en exploitant le potentiel des technologies pour imaginer de nouveaux outils narratifs et raconter des histoires in\u00e9dites\u00bb, nous indique-t-on par voie de communiqu\u00e9.<\/p>\n<p class=\"fig-paragraph\">\u00abPour pouvoir pousser les limites et m\u00e9langer les paris artistiques et technologiques, je devais m\u2019associer \u00e0 un visionnaire plus proche de l\u2019entrepreneuriat concret de l\u2019industrie que du cin\u00e9ma traditionnel\u00bb, explique Mathieu Kassovitz, fascin\u00e9 par les possibilit\u00e9s offertes par les cam\u00e9ras immersives,\u00a0<a href=\"http:\/\/www.lefigaro.fr\/secteur\/high-tech\/casque-vr-la-console-de-jeux-du-futur-20241117\" data-fig-type=\"Article\" data-gtm-custom-categorie=\"navigation\" data-gtm-custom-action=\"crossclick\" data-gtm-custom-label=\"Contextuel\" data-gtm-event=\"customEventSPE\" data-fig-domain=\"LEFIGARO\" rel=\"nofollow noopener\" target=\"_blank\">les casques VR<\/a>\u00a0et les nouveaux supports narratifs. C\u2019est dans cette qu\u00eate que le r\u00e9alisateur et com\u00e9dien de 57 ans a retrouv\u00e9 Gildo Pastor, pr\u00e9sident de Venturi Space, rencontr\u00e9 sur le tournage de Babylon A.D., o\u00f9 figurait une Venturi \u00e9lectrique.<\/p>\n<p>\u00abC\u2019est un vaste terrain de jeu qui nous attend\u00bb<\/p>\n<p class=\"fig-paragraph\">L\u2019entreprise s\u2019est, du reste, illustr\u00e9e en championnat du monde de Formule E, a men\u00e9 trois exp\u00e9ditions extr\u00eames dans des environnements hostiles, con\u00e7u trois v\u00e9hicules d\u2019exploration polaire et cinq concept cars. \u00c0 ce jour, elle d\u00e9tient 28 records du monde de vitesse sur deux et quatre roues. L\u2019industriel a \u00e9galement propuls\u00e9 son entreprise jusqu\u2019aux confins de la Lune. En 2026, son rover FLIP embarquera \u00e0 bord d\u2019une mission SpaceX. FLEX, pr\u00e9s\u00e9lectionn\u00e9 par la\u00a0<a href=\"http:\/\/www.lefigaro.fr\/sciences\/trump-demande-une-baisse-de-pres-de-25-du-budget-de-la-nasa-20250505\" data-fig-type=\"Article\" data-gtm-custom-categorie=\"navigation\" data-gtm-custom-action=\"crossclick\" data-gtm-custom-label=\"Contextuel\" data-gtm-event=\"customEventSPE\" data-fig-domain=\"LEFIGARO\" rel=\"nofollow noopener\" target=\"_blank\">Nasa<\/a>, suivra en 2027.<\/p>\n<p class=\"fig-paragraph\">\u00abJ\u2019ai trouv\u00e9 en Gildo un vrai collaborateur dont la vision n\u2019a pas de limites mais reste ancr\u00e9e dans la r\u00e9alit\u00e9. Un partenaire qui partage cette vision d\u2019un cin\u00e9ma qui utilise la technologie plut\u00f4t que l\u2019inverse\u00bb, affirme Mathieu Kassovitz. Et son nouvel associ\u00e9 d\u2019ajouter\u00a0: \u00abMathieu et moi sommes, chacun dans nos secteurs d\u2019activit\u00e9, des explorateurs.\u00bb Pour Gildo Pastor, \u00abLes possibilit\u00e9s offertes par les technologies du domaine audiovisuel et du domaine spatial semblent infinies. C\u2019est un vaste nouveau terrain de jeu qui nous attend.\u00bb Les deux hommes, qui entendent \u00abfusionner [leurs] \u00e9nergies cr\u00e9atrices\u00bb, font ici une promesse, celle d\u2019un cin\u00e9ma o\u00f9 la technologie reste un outil au service du r\u00e9cit. Quant \u00e0 leur devise, elle est on ne peut plus claire\u00a0: \u00abLes seules limites sont celles que nous nous fixons.\u00a0\u00bb<\/p>\n","protected":false},"excerpt":{"rendered":"Le r\u00e9alisateur de La Haine et l\u2019industriel mon\u00e9gasque s\u2019allient pour cr\u00e9er une soci\u00e9t\u00e9 de production tourn\u00e9e vers l\u2019innovation&hellip;\n","protected":false},"author":2,"featured_media":119468,"comment_status":"","ping_status":"","sticky":false,"template":"","format":"standard","meta":{"footnotes":""},"categories":[7],"tags":[2898,2829,2971,2972,2973,650,2974,2975,1011,27,2969,2970,2987,2980,23735,333,2897,2976,2977,2978,2985,2986,2979,2981,2982,2983,2984,2991,2992,2993,2994,2996,2997,2998,2999,3000,3001,3002,2995,3003,3004,3005,3007,2268,2988,2989,2990,43,40,41,39,2968,717,42,44,3006],"class_list":{"0":"post-119467","1":"post","2":"type-post","3":"status-publish","4":"format-standard","5":"has-post-thumbnail","7":"category-sciences-et-technologies","8":"tag-alpes-maritimes","9":"tag-baumettes","10":"tag-carabacel","11":"tag-caucade","12":"tag-cimiez","13":"tag-cinema","14":"tag-cremat","15":"tag-fabron","16":"tag-fr","17":"tag-france","18":"tag-larenas","19":"tag-lariane","20":"tag-le-ray","21":"tag-lingostiere","22":"tag-mathieu-kassovitz","23":"tag-nasa","24":"tag-nice-cote-dazur","25":"tag-nice-gairaut","26":"tag-nice-gambetta","27":"tag-nice-jean-medecin","28":"tag-nice-le-piol","29":"tag-nice-le-port","30":"tag-nice-liberation","31":"tag-nice-magnan","32":"tag-nice-mantega-mont-boron","33":"tag-nice-pasteur","34":"tag-nice-pessicart","35":"tag-nice-rue-de-france","36":"tag-nice-saint-antoine","37":"tag-nice-saint-augustin","38":"tag-nice-saint-isidore","39":"tag-nice-saint-maurice","40":"tag-nice-saint-pancrace","41":"tag-nice-saint-philippe","42":"tag-nice-saint-pierre-de-feric","43":"tag-nice-saint-roch","44":"tag-nice-saint-roman-de-bellet","45":"tag-nice-saint-sylvestre","46":"tag-nice-sainte-marguerite","47":"tag-nice-thiers","48":"tag-nice-ventabrun","49":"tag-nice-vernier","50":"tag-nice-vinaigrier","51":"tag-ogc-nice","52":"tag-rimiez","53":"tag-riquier","54":"tag-roquebilliere","55":"tag-science","56":"tag-science-and-technology","57":"tag-sciences","58":"tag-sciences-et-technologies","59":"tag-sud-est","60":"tag-technologie","61":"tag-technologies","62":"tag-technology","63":"tag-vieux-nice"},"share_on_mastodon":{"url":"","error":"Validation failed: Text character limit of 500 exceeded"},"_links":{"self":[{"href":"https:\/\/www.europesays.com\/fr\/wp-json\/wp\/v2\/posts\/119467","targetHints":{"allow":["GET"]}}],"collection":[{"href":"https:\/\/www.europesays.com\/fr\/wp-json\/wp\/v2\/posts"}],"about":[{"href":"https:\/\/www.europesays.com\/fr\/wp-json\/wp\/v2\/types\/post"}],"author":[{"embeddable":true,"href":"https:\/\/www.europesays.com\/fr\/wp-json\/wp\/v2\/users\/2"}],"replies":[{"embeddable":true,"href":"https:\/\/www.europesays.com\/fr\/wp-json\/wp\/v2\/comments?post=119467"}],"version-history":[{"count":0,"href":"https:\/\/www.europesays.com\/fr\/wp-json\/wp\/v2\/posts\/119467\/revisions"}],"wp:featuredmedia":[{"embeddable":true,"href":"https:\/\/www.europesays.com\/fr\/wp-json\/wp\/v2\/media\/119468"}],"wp:attachment":[{"href":"https:\/\/www.europesays.com\/fr\/wp-json\/wp\/v2\/media?parent=119467"}],"wp:term":[{"taxonomy":"category","embeddable":true,"href":"https:\/\/www.europesays.com\/fr\/wp-json\/wp\/v2\/categories?post=119467"},{"taxonomy":"post_tag","embeddable":true,"href":"https:\/\/www.europesays.com\/fr\/wp-json\/wp\/v2\/tags?post=119467"}],"curies":[{"name":"wp","href":"https:\/\/api.w.org\/{rel}","templated":true}]}}