{"id":119473,"date":"2025-05-22T12:57:08","date_gmt":"2025-05-22T12:57:08","guid":{"rendered":"https:\/\/www.europesays.com\/fr\/119473\/"},"modified":"2025-05-22T12:57:08","modified_gmt":"2025-05-22T12:57:08","slug":"les-cases-cruciales-a-verifier-pour-eviter-les-erreurs-de-declaration-automatique","status":"publish","type":"post","link":"https:\/\/www.europesays.com\/fr\/119473\/","title":{"rendered":"les cases cruciales \u00e0 v\u00e9rifier pour \u00e9viter les erreurs de d\u00e9claration automatique"},"content":{"rendered":"<p><strong>Naviguer dans le d\u00e9dale des d\u00e9clarations fiscales peut s&rsquo;av\u00e9rer complexe, surtout en 2025 o\u00f9 de nouvelles r\u00e8gles ont \u00e9t\u00e9 instaur\u00e9es.<\/strong> Chaque contribuable doit \u00eatre vigilant et attentif aux d\u00e9tails pour \u00e9viter les erreurs co\u00fbteuses. Certaines cases de la d\u00e9claration d&rsquo;imp\u00f4ts n\u00e9cessitent une attention particuli\u00e8re car elles ne sont pas pr\u00e9-remplies par l&rsquo;administration fiscale.<\/p>\n<p>Ces \u00e9l\u00e9ments cruciaux peuvent avoir un impact significatif sur le montant final \u00e0 payer ou \u00e0 recevoir<strong>. D\u00e9couvrir quelles sont ces cases essentielles et comment les remplir correctement<\/strong> est indispensable pour optimiser sa situation fiscale et \u00e9viter les mauvaises surprises. Plongez dans cet article pour ma\u00eetriser ces aspects cl\u00e9s de votre d\u00e9claration.<\/p>\n<p>V\u00e9rification de la d\u00e9claration automatique<\/p>\n<p>La d\u00e9claration automatique des imp\u00f4ts, adopt\u00e9e par plus de 10 millions de contribuables chaque ann\u00e9e, simplifie grandement le processus fiscal. Cependant, <strong>il est crucial de v\u00e9rifier les informations pr\u00e9remplies pour \u00e9viter des erreurs co\u00fbteuses.<\/strong> En effet, une omission ou une inexactitude peut entra\u00eener des ajustements fiscaux d\u00e9favorables pour l&rsquo;ann\u00e9e 2025.<\/p>\n<p><strong>Les revenus non d\u00e9clar\u00e9s ou mal renseign\u00e9s peuvent affecter non seulement l&rsquo;imp\u00f4t d\u00fb mais aussi les cr\u00e9dits et r\u00e9ductions d&rsquo;imp\u00f4t<\/strong> auxquels vous pourriez pr\u00e9tendre. De plus, le <a href=\"https:\/\/www.enquete-debat.fr\/impots-et-fiscalite\/reduire-son-revenu-fiscal-de-reference-strategies-legales-et-astuces-dexperts\/\" rel=\"nofollow noopener\" target=\"_blank\">revenu fiscal de r\u00e9f\u00e9rence<\/a> (RFR), d\u00e9terminant pour divers dispositifs sociaux et fiscaux, pourrait \u00eatre incorrectement \u00e9tabli. Ainsi, bien que la simplicit\u00e9 soit s\u00e9duisante, la vigilance reste essentielle pour \u00e9viter des d\u00e9sagr\u00e9ments futurs.<\/p>\n<p>Identification des revenus \u00e0 d\u00e9clarer manuellement<\/p>\n<p>Certains revenus \u00e9chappent \u00e0 la d\u00e9claration automatique et n\u00e9cessitent une attention particuli\u00e8re. <strong>Les pensions alimentaires, par exemple, doivent \u00eatre inscrites \u00e0 la ligne 1AO<\/strong>, car elles ne sont pas pr\u00e9remplies par le Tr\u00e9sor public. De m\u00eame, <strong>les revenus de vos enfants majeurs rattach\u00e9s au foyer fiscal doivent \u00eatre report\u00e9s aux lignes 1CJ ou 1DJ.<\/strong><\/p>\n<p><strong>Pour les loyers per\u00e7us de<\/strong><a href=\"https:\/\/www.enquete-debat.fr\/immobilier\/la-declaration-des-biens-immobiliers-devient-plus-complexe-pour-les-proprietaires-en-2025\/\" rel=\"nofollow noopener\" target=\"_blank\"> biens immobiliers<\/a><strong> nus, la ligne 4BE <\/strong>est d\u00e9di\u00e9e aux d\u00e9clarations sous le r\u00e9gime micro-foncier. Quant aux <strong>locations via Airbnb, bien que partiellement renseign\u00e9es, elles exigent une v\u00e9rification et un report pr\u00e9cis \u00e0 la ligne 5ND.<\/strong> Ces \u00e9tapes sont cruciales pour garantir l&rsquo;exactitude de votre d\u00e9claration fiscale et \u00e9viter des complications ult\u00e9rieures.<\/p>\n<p>Optimisation des charges pour r\u00e9duire l&rsquo;imp\u00f4t<\/p>\n<p>Pour all\u00e9ger votre <a href=\"https:\/\/www.enquete-debat.fr\/impots-et-fiscalite\/impots-2025-les-dates-limites-de-declaration-selon-votre-departement\/\" rel=\"nofollow noopener\" target=\"_blank\">imp\u00f4t<\/a>, il est essentiel de bien d\u00e9clarer certaines charges d\u00e9ductibles.<strong> Les frais professionnels, par exemple, peuvent \u00eatre d\u00e9taill\u00e9s \u00e0 la ligne 1AK<\/strong> si le calcul des frais r\u00e9els s&rsquo;av\u00e8re plus avantageux que l&rsquo;abattement forfaitaire de 10 %.<strong> Les abattements sp\u00e9cifiques pour les journalistes ou assistants maternels doivent \u00eatre inscrits \u00e0 la ligne 1GA.<\/strong><\/p>\n<p>En outre, les dons aux associations offrent des r\u00e9ductions d&rsquo;imp\u00f4t significatives : jusqu&rsquo;\u00e0 75 % pour certains organismes (ligne 7UD). Enfin, <strong>n&rsquo;oubliez pas de d\u00e9clarer les pensions alimentaires vers\u00e9es (ligne 6EL) et les frais de garde d&rsquo;enfants (ligne 7GA),<\/strong> qui ouvrent droit \u00e0 des cr\u00e9dits d&rsquo;imp\u00f4t substantiels. Une d\u00e9claration pr\u00e9cise maximise vos avantages fiscaux.<\/p>\n<p>Gestion des erreurs et corrections post-d\u00e9claration<\/p>\n<p>Corriger une<a href=\"https:\/\/www.enquete-debat.fr\/impots-et-fiscalite\/declaration-fiscale-quels-comptes-bancaires-etrangers-comme-revolut-n26-ou-paypal-devez-vous-signaler\/\" rel=\"nofollow noopener\" target=\"_blank\"> d\u00e9claration fiscale<\/a> apr\u00e8s sa soumission initiale est un processus accessible et essentiel pour \u00e9viter des erreurs co\u00fbteuses. <strong>Sur le site impots.gouv.fr, les contribuables peuvent modifier leur d\u00e9claration jusqu&rsquo;\u00e0 la date limite d\u00e9partementale.<\/strong> M\u00eame apr\u00e8s validation, tant que le formulaire reste disponible, g\u00e9n\u00e9ralement jusqu&rsquo;\u00e0 fin juin, il est possible d&rsquo;effectuer des ajustements.<\/p>\n<p>Pass\u00e9e cette \u00e9ch\u00e9ance, une d\u00e9claration corrective peut \u00eatre n\u00e9cessaire. <strong>Cette flexibilit\u00e9 permet de rectifier des omissions ou inexactitudes qui pourraient affecter l&rsquo;imp\u00f4t <\/strong>d\u00fb ou les avantages fiscaux futurs. Ainsi, rester vigilant et proactif dans la v\u00e9rification et la correction de votre d\u00e9claration garantit une gestion fiscale optimale et sans tracas.<\/p>\n","protected":false},"excerpt":{"rendered":"Naviguer dans le d\u00e9dale des d\u00e9clarations fiscales peut s&rsquo;av\u00e9rer complexe, surtout en 2025 o\u00f9 de nouvelles r\u00e8gles ont&hellip;\n","protected":false},"author":2,"featured_media":119474,"comment_status":"","ping_status":"","sticky":false,"template":"","format":"standard","meta":{"footnotes":""},"categories":[4],"tags":[11,4608,1011,27,4609,12,25,3215,979],"class_list":{"0":"post-119473","1":"post","2":"type-post","3":"status-publish","4":"format-standard","5":"has-post-thumbnail","7":"category-france","8":"tag-actualites","9":"tag-fiscalit","10":"tag-fr","11":"tag-france","12":"tag-impts","13":"tag-news","14":"tag-republique-francaise","15":"tag-revenu","16":"tag-taxes"},"share_on_mastodon":{"url":"https:\/\/pubeurope.com\/@fr\/114551602782079046","error":""},"_links":{"self":[{"href":"https:\/\/www.europesays.com\/fr\/wp-json\/wp\/v2\/posts\/119473","targetHints":{"allow":["GET"]}}],"collection":[{"href":"https:\/\/www.europesays.com\/fr\/wp-json\/wp\/v2\/posts"}],"about":[{"href":"https:\/\/www.europesays.com\/fr\/wp-json\/wp\/v2\/types\/post"}],"author":[{"embeddable":true,"href":"https:\/\/www.europesays.com\/fr\/wp-json\/wp\/v2\/users\/2"}],"replies":[{"embeddable":true,"href":"https:\/\/www.europesays.com\/fr\/wp-json\/wp\/v2\/comments?post=119473"}],"version-history":[{"count":0,"href":"https:\/\/www.europesays.com\/fr\/wp-json\/wp\/v2\/posts\/119473\/revisions"}],"wp:featuredmedia":[{"embeddable":true,"href":"https:\/\/www.europesays.com\/fr\/wp-json\/wp\/v2\/media\/119474"}],"wp:attachment":[{"href":"https:\/\/www.europesays.com\/fr\/wp-json\/wp\/v2\/media?parent=119473"}],"wp:term":[{"taxonomy":"category","embeddable":true,"href":"https:\/\/www.europesays.com\/fr\/wp-json\/wp\/v2\/categories?post=119473"},{"taxonomy":"post_tag","embeddable":true,"href":"https:\/\/www.europesays.com\/fr\/wp-json\/wp\/v2\/tags?post=119473"}],"curies":[{"name":"wp","href":"https:\/\/api.w.org\/{rel}","templated":true}]}}