{"id":119479,"date":"2025-05-22T13:00:10","date_gmt":"2025-05-22T13:00:10","guid":{"rendered":"https:\/\/www.europesays.com\/fr\/119479\/"},"modified":"2025-05-22T13:00:10","modified_gmt":"2025-05-22T13:00:10","slug":"municipales-2026-regis-juanico-tete-de-liste-du-ps-a-saint-etienne","status":"publish","type":"post","link":"https:\/\/www.europesays.com\/fr\/119479\/","title":{"rendered":"Municipales 2026 : R\u00e9gis Juanico t\u00eate de liste du PS \u00e0 Saint-Etienne"},"content":{"rendered":"<p><img loading=\"lazy\" decoding=\"async\" alt=\"\u00a9 DR - R\u00e9gis Juanico, conseiller d\u00e9partemental, a \u00e9t\u00e9 d\u00e9put\u00e9 de la Loire de 2007 \u00e0 2022.\" data-zoom-src=\"https:\/\/www.europesays.com\/fr\/wp-content\/uploads\/2025\/05\/initial-regis-juanico.jpg\" data-zoomable=\"\" height=\"702\" src=\"https:\/\/www.europesays.com\/fr\/wp-content\/uploads\/2025\/05\/initial-regis-juanico.jpg\" width=\"1248\"\/>  <\/p>\n<p class=\"article-desc\">\u00a9 DR &#8211; R\u00e9gis Juanico, conseiller d\u00e9partemental, a \u00e9t\u00e9 d\u00e9put\u00e9 de la Loire de 2007 \u00e0 2022. <\/p>\n<p>La nouvelle est tomb\u00e9e \u00e0 travers un communiqu\u00e9 du d\u00e9put\u00e9 <strong>Pierrick Courbon <\/strong>ce mercredi 21 mai. Lequel annonce ne pas avoir sollicit\u00e9 l&rsquo;investiture du Parti socialiste (PS) pour les <strong>Municipales 2026 <\/strong>\u00e0 Saint-\u00c9tienne. Il estime \u00eatre pleinement mobilis\u00e9 par ses fonctions de d\u00e9put\u00e9 et fait savoir qu&rsquo;il a \u00ab\u00a0toujours fait de la fid\u00e9lit\u00e9 \u00e0 un territoire et \u00e0 ses \u00e9lecteurs une valeur cardinale.\u00a0\u00bb <\/p>\n<p>R\u00e9gis Juanico adoub\u00e9 par les militants socialistes de Saint-\u00c9tienne <\/p>\n<p>R\u00e9gis Juanico, ancien d\u00e9put\u00e9 de la 1\u00e8re circonscription de la Loire, sera ainsi la t\u00eate de liste du Parti socialiste aux municipales 2026 \u00e0 Saint-\u00c9tienne selon le r\u00e9sultat des votes des adh\u00e9rents qui n&rsquo;avaient pas finalement \u00e0 choisir entre ce dernier, Pierrick Courbon et Isabelle Dumestre, pr\u00e9sidente du groupe municipal d&rsquo;opposition Saint-\u00c9tienne Demain. <\/p>\n<p>Si un sondage avait \u00e9t\u00e9 r\u00e9alis\u00e9 aupr\u00e8s de la population st\u00e9phanoise par la f\u00e9d\u00e9ration socialiste de la Loire pour conna\u00eetre le candidat le plus \u00e0 m\u00eame de rassembler, et dont l&rsquo;issue laisserait penser que <strong>R\u00e9gis Juanico<\/strong>\u00a0serait sorti vainqueur, Johann Cesa, premier secr\u00e9taire d\u00e9partemental, ne souhaite pas en pr\u00e9ciser les r\u00e9sultats.\u00a0<\/p>\n<p>Lors de la r\u00e9union du <strong>27 mai<\/strong> prochain entre les diff\u00e9rentes formations politiques et citoyenne de gauche (LFI, le PCF, le PS, les Verts et Saint\u00e9 Populaire) pour discuter d&rsquo;une<strong> liste commune<\/strong>, le secr\u00e9taire du parti \u00e0 l&rsquo;\u00e9chelon d\u00e9partemental ne peut envisager que le candidat socialiste adoub\u00e9 par les militants ne soit pas<strong> t\u00eate de liste<\/strong>, \u00ab\u00a0il est le plus \u00e0 m\u00eame de remporter les suffrages\u00a0\u00bb, rapporte-t-il. <\/p>\n<p>Une liste commune qui devra int\u00e9grer \u00e9galement Pierrick Courbon et Isabelle Dumestre, selon ses dires.<\/p>\n","protected":false},"excerpt":{"rendered":"\u00a9 DR &#8211; R\u00e9gis Juanico, conseiller d\u00e9partemental, a \u00e9t\u00e9 d\u00e9put\u00e9 de la Loire de 2007 \u00e0 2022. La&hellip;\n","protected":false},"author":2,"featured_media":119480,"comment_status":"","ping_status":"","sticky":false,"template":"","format":"standard","meta":{"footnotes":""},"categories":[9653],"tags":[1111,11,2430,1777,674,1011,27,3434,12,25,4001,15880],"class_list":{"0":"post-119479","1":"post","2":"type-post","3":"status-publish","4":"format-standard","5":"has-post-thumbnail","7":"category-saint-etienne","8":"tag-actu","9":"tag-actualites","10":"tag-auvergne-rhone-alpes","11":"tag-eu","12":"tag-europe","13":"tag-fr","14":"tag-france","15":"tag-municipales-2026","16":"tag-news","17":"tag-republique-francaise","18":"tag-saint-etienne","19":"tag-ville-de-saint-etienne"},"share_on_mastodon":{"url":"https:\/\/pubeurope.com\/@fr\/114551614886135681","error":""},"_links":{"self":[{"href":"https:\/\/www.europesays.com\/fr\/wp-json\/wp\/v2\/posts\/119479","targetHints":{"allow":["GET"]}}],"collection":[{"href":"https:\/\/www.europesays.com\/fr\/wp-json\/wp\/v2\/posts"}],"about":[{"href":"https:\/\/www.europesays.com\/fr\/wp-json\/wp\/v2\/types\/post"}],"author":[{"embeddable":true,"href":"https:\/\/www.europesays.com\/fr\/wp-json\/wp\/v2\/users\/2"}],"replies":[{"embeddable":true,"href":"https:\/\/www.europesays.com\/fr\/wp-json\/wp\/v2\/comments?post=119479"}],"version-history":[{"count":0,"href":"https:\/\/www.europesays.com\/fr\/wp-json\/wp\/v2\/posts\/119479\/revisions"}],"wp:featuredmedia":[{"embeddable":true,"href":"https:\/\/www.europesays.com\/fr\/wp-json\/wp\/v2\/media\/119480"}],"wp:attachment":[{"href":"https:\/\/www.europesays.com\/fr\/wp-json\/wp\/v2\/media?parent=119479"}],"wp:term":[{"taxonomy":"category","embeddable":true,"href":"https:\/\/www.europesays.com\/fr\/wp-json\/wp\/v2\/categories?post=119479"},{"taxonomy":"post_tag","embeddable":true,"href":"https:\/\/www.europesays.com\/fr\/wp-json\/wp\/v2\/tags?post=119479"}],"curies":[{"name":"wp","href":"https:\/\/api.w.org\/{rel}","templated":true}]}}