{"id":11948,"date":"2025-04-09T06:36:12","date_gmt":"2025-04-09T06:36:12","guid":{"rendered":"https:\/\/www.europesays.com\/fr\/11948\/"},"modified":"2025-04-09T06:36:12","modified_gmt":"2025-04-09T06:36:12","slug":"maison-de-la-corse-a-marseille-deux-conferences-ce-jeudi-10-avril-breves-corse-net-infos","status":"publish","type":"post","link":"https:\/\/www.europesays.com\/fr\/11948\/","title":{"rendered":"Maison de la Corse \u00e0 Marseille : Deux conf\u00e9rences ce jeudi 10 avril | Br\u00e8ves | Corse Net Infos"},"content":{"rendered":"<p>\t\t\t <strong>Ce jeudi 10 avril \u00e0 18h30, la Maison de la Corse \u00e0 Marseille abritera deux \u00e9v\u00e8nements int\u00e9ressants : Un s\u00e9minaire sur \u00ab Napol\u00e9on III et Marseille \u00bb et une conf\u00e9rence sur \u00ab Napol\u00e9on III et les Romanov \u00bb<\/strong> <\/p>\n<p>Ces deux rendez-vous sont propos\u00e9s par la Soci\u00e9t\u00e9 Napol\u00e9onienne de Marseille, pr\u00e9sid\u00e9e par Jacques di Costanzo. A 18h30, Michel Metenier parlera de Napol\u00e9on III et Marseille.\u00a0\u00ab\u00a0C&rsquo;est vraisemblablement, avec Paris, la ville que Napol\u00e9on III a le plus aim\u00e9e\u00a0\u00bb souligne le conf\u00e9rencier. \u00abNapol\u00e9on III s&rsquo;est rendu plusieurs fois \u00e0 Marseille et lui doit son visage actuel au Second Empire. Marseille doit beaucoup \u00e0 l&rsquo;Empereur. Et, \u00f4 paradoxe, Marseille a toujours, via les pl\u00e9biscites, dit \u00ab\u00a0non\u00a0\u00bb \u00e0 Napol\u00e9on III\u00a0\u00bb <br \/>A 19h30, Paul Chapoy viendra lui nous entretenir de la rivalit\u00e9 entre les Napol\u00e9on et les Romanov. \u00ab\u00a0Cette rivalit\u00e9 va engendra une guerre titanesque entre l&#8217;empire d&rsquo;occident et l&#8217;empire d&rsquo;orient, comme en atteste le nombre de morts : 250.000 en Russie, 90.000 en Crim\u00e9e\u00a0\u00bb d\u00e9clare Paul Chapoy. <br \/>\u00a0\n\t\t <\/p>\n","protected":false},"excerpt":{"rendered":"Ce jeudi 10 avril \u00e0 18h30, la Maison de la Corse \u00e0 Marseille abritera deux \u00e9v\u00e8nements int\u00e9ressants :&hellip;\n","protected":false},"author":2,"featured_media":11949,"comment_status":"","ping_status":"","sticky":false,"template":"","format":"standard","meta":{"footnotes":""},"categories":[2814],"tags":[5629,1111,11,5606,5610,5611,5612,5622,5621,5627,5624,5630,5623,5613,5616,5620,1777,674,5614,1011,27,5607,5608,884,5609,12,5617,5626,882,25,5619,5625,5628,5618,5615],"class_list":{"0":"post-11948","1":"post","2":"type-post","3":"status-publish","4":"format-standard","5":"has-post-thumbnail","7":"category-marseille","8":"tag-ac-ajaccio","9":"tag-actu","10":"tag-actualites","11":"tag-actualites-corse","12":"tag-actualites-en-ligne-corse","13":"tag-actualites-locales-corse","14":"tag-actualites-regionales-corse","15":"tag-ajaccio","16":"tag-bastia","17":"tag-bonifacio","18":"tag-calvi","19":"tag-carnet-de-deuil-corse","20":"tag-corte","21":"tag-culture-corse","22":"tag-economie-corse","23":"tag-environnement-corse","24":"tag-eu","25":"tag-europe","26":"tag-evenements-corse","27":"tag-fr","28":"tag-france","29":"tag-infos-corse","30":"tag-journal-corse","31":"tag-marseille","32":"tag-media-corse","33":"tag-news","34":"tag-politique-corse","35":"tag-porto-vecchio","36":"tag-provence-alpes-cote-dazur","37":"tag-republique-francaise","38":"tag-sante-corse","39":"tag-sartene","40":"tag-sc-bastia","41":"tag-sports-corse","42":"tag-tourisme-corse"},"share_on_mastodon":{"url":"","error":"Validation failed: Text character limit of 500 exceeded"},"_links":{"self":[{"href":"https:\/\/www.europesays.com\/fr\/wp-json\/wp\/v2\/posts\/11948","targetHints":{"allow":["GET"]}}],"collection":[{"href":"https:\/\/www.europesays.com\/fr\/wp-json\/wp\/v2\/posts"}],"about":[{"href":"https:\/\/www.europesays.com\/fr\/wp-json\/wp\/v2\/types\/post"}],"author":[{"embeddable":true,"href":"https:\/\/www.europesays.com\/fr\/wp-json\/wp\/v2\/users\/2"}],"replies":[{"embeddable":true,"href":"https:\/\/www.europesays.com\/fr\/wp-json\/wp\/v2\/comments?post=11948"}],"version-history":[{"count":0,"href":"https:\/\/www.europesays.com\/fr\/wp-json\/wp\/v2\/posts\/11948\/revisions"}],"wp:featuredmedia":[{"embeddable":true,"href":"https:\/\/www.europesays.com\/fr\/wp-json\/wp\/v2\/media\/11949"}],"wp:attachment":[{"href":"https:\/\/www.europesays.com\/fr\/wp-json\/wp\/v2\/media?parent=11948"}],"wp:term":[{"taxonomy":"category","embeddable":true,"href":"https:\/\/www.europesays.com\/fr\/wp-json\/wp\/v2\/categories?post=11948"},{"taxonomy":"post_tag","embeddable":true,"href":"https:\/\/www.europesays.com\/fr\/wp-json\/wp\/v2\/tags?post=11948"}],"curies":[{"name":"wp","href":"https:\/\/api.w.org\/{rel}","templated":true}]}}