{"id":119485,"date":"2025-05-22T13:03:08","date_gmt":"2025-05-22T13:03:08","guid":{"rendered":"https:\/\/www.europesays.com\/fr\/119485\/"},"modified":"2025-05-22T13:03:08","modified_gmt":"2025-05-22T13:03:08","slug":"lexercice-est-plutot-intense-des-lyceens-du-var-saffrontent-au-premier-concours-deloquence-a-la-seyne-sur-mer","status":"publish","type":"post","link":"https:\/\/www.europesays.com\/fr\/119485\/","title":{"rendered":"\u00ab\u00a0L\u2019exercice est plut\u00f4t intense\u00a0\u00bb: des lyc\u00e9ens du Var s&rsquo;affrontent au premier concours d&rsquo;\u00e9loquence \u00e0 La Seyne-sur-Mer"},"content":{"rendered":"<p>Une centaine de lyc\u00e9ens \u00e9taient pr\u00e9sents lundi \u00e0 la <strong>Bourse du travail pour la premi\u00e8re \u00e9dition du concours d\u2019\u00e9loquence inter-\u00e9tablissements.<\/strong> <strong>Ce projet est initi\u00e9 par l\u2019institution Sainte-Marie \u00e0 La Seyne-sur-Mer<\/strong>. \u00ab\u00a0Avant, nous participions au concours organis\u00e9 par le P\u00f4le, mais la derni\u00e8re \u00e9dition a eu lieu l\u2019ann\u00e9e derni\u00e8re. Nous nous sommes organis\u00e9s avec d\u2019autres \u00e9tablissements pour lancer un nouveau concours d\u2019\u00e9loquence cette ann\u00e9e\u00a0\u00bb, raconte Patrique Bonnaudet, le proviseur adjoint de l\u2019institution Sainte-Marie. Le lyc\u00e9e de Saint-Joseph la Cordeille \u00e0 Ollioules et celui de F\u00e9nelon \u00e0 Toulon participent au projet.<\/p>\n<p>\u00ab\u00a0L\u2019exercice est plut\u00f4t intense\u00a0\u00bb<\/p>\n<p>En interne, chaque \u00e9tablissement choisit quatre \u00e9l\u00e8ves. Ce sont des volontaires pour le lyc\u00e9e F\u00e9nelon. Pour les \u00e9tablissements de Sainte-Marie et de la Cordeille, ce concours s\u2019inscrit dans la sp\u00e9cialit\u00e9 humanit\u00e9s, litt\u00e9rature et philosophie, disponible en premi\u00e8re et en terminale.<\/p>\n<p>\u00c0 l\u2019issue de la demi-finale, le jury d\u00e9signe six finalistes: Fiorella, Lilou, Adrien, Sophie, In\u00e8s et Tess. Ils ont deux heures pour pr\u00e9parer leur sujet attribu\u00e9 au hasard. \u00ab\u00a0L\u2019exercice est plut\u00f4t intense\u00a0\u00bb, souligne Adrien Rais-Sarrazin, \u00e9tudiant au sein de l\u2019institution Sainte-Marie et finaliste du concours d\u2019\u00e9loquence.<\/p>\n<p>                                Argumentaire, posture, diction, \u00e9motion <\/p>\n<p><strong>Le gagnant repart avec le prix du jury.<\/strong> \u00ab\u00a0Nous discutons d\u2019abord des \u00e9l\u00e8ves qui nous ont le plus convaincus. Nous avons ensuite une grille commune pour \u00e9lire le vainqueur\u00a0\u00bb, explique H\u00e9l\u00e8ne Megy, membre du jury. Les crit\u00e8res de s\u00e9lection sont l\u2019argumentaire, la posture, la diction et l\u2019\u00e9motion. Les \u00e9l\u00e8ves peuvent aussi voter: ils d\u00e9cernent le prix du public.<\/p>\n<p>Les \u00e9tudiants s\u2019expriment sur des probl\u00e9matiques philosophiques. \u00ab\u00a0Un peu comme ces gens aux t\u00eates bien faites mais aux cr\u00e2nes bien creux, observez ce monsieur un peu trop expos\u00e9 aux UV et constatez que vous vous \u00eates fait Trumper\u00a0\u00bb, clame Lilou Mallet, \u00e9l\u00e8ve de terminale, devant ses camarades pour d\u00e9montrer que la culture n\u2019est pas un luxe.<\/p>\n<p>Les \u00e9tudiants pr\u00e9sentent des discours engag\u00e9s. Certains font des jeux de langage comme Adrien Rais-Sarrazin: \u00ab\u00a0Sans promesse il vit, seulement du beau, il \u00e9crit, au diable les engagements pervertis, de l\u2019utile il sourit. Je t\u2019aime, Artie.\u00a0\u00bb<\/p>\n<p><strong>Ce concours permet aux \u00e9tudiants de s\u2019opposer \u00e0 des \u00e9l\u00e8ves d\u2019autres lyc\u00e9es.<\/strong> \u00ab\u00a0Je me suis rendu compte que le niveau est extr\u00eamement \u00e9lev\u00e9, avec des mani\u00e8res d\u2019\u00e9crire totalement diff\u00e9rentes. C\u2019est tr\u00e8s enrichissant\u00a0\u00bb, remarque Fiorella Sessa, gagnante du prix du jury.<\/p>\n<p>\u00ab\u00a0C\u2019est int\u00e9ressant d\u2019entendre la parole des jeunes\u00a0\u00bb<\/p>\n<p>La comp\u00e9tition donne l\u2019occasion aux lyc\u00e9ens de prendre la parole devant un auditoire pour exposer un point de vue. \u00ab\u00a0Ce que j\u2019aime dans l\u2019\u00e9loquence, c\u2019est que \u00e7a allie l\u2019\u00e9criture d\u2019un concours de nouvelles et le c\u00f4t\u00e9 th\u00e9\u00e2tral et oral\u00a0\u00bb, explique Fiorella Sessa.<\/p>\n<p>Les professeurs ont f\u00e9licit\u00e9 tous les \u00e9l\u00e8ves pour leurs performances. \u00ab\u00a0C\u2019est int\u00e9ressant pour nous aussi d\u2019entendre la parole des jeunes\u00a0\u00bb, explique H\u00e9l\u00e8ne Megy. \u00ab\u00a0Nous nous rendons compte qu\u2019ils sont conscients des probl\u00e9matiques, mais qu\u2019ils restent positifs, c\u2019est rassurant\u00a0\u00bb, conclut Nathalie Mejri, \u00e9galement membre du jury.<\/p>\n","protected":false},"excerpt":{"rendered":"Une centaine de lyc\u00e9ens \u00e9taient pr\u00e9sents lundi \u00e0 la Bourse du travail pour la premi\u00e8re \u00e9dition du concours&hellip;\n","protected":false},"author":2,"featured_media":119486,"comment_status":"","ping_status":"","sticky":false,"template":"","format":"standard","meta":{"footnotes":""},"categories":[9619],"tags":[1111,11,1057,1777,674,332,1011,27,12,882,25,2310],"class_list":{"0":"post-119485","1":"post","2":"type-post","3":"status-publish","4":"format-standard","5":"has-post-thumbnail","7":"category-toulon","8":"tag-actu","9":"tag-actualites","10":"tag-education","11":"tag-eu","12":"tag-europe","13":"tag-faits-de-societe","14":"tag-fr","15":"tag-france","16":"tag-news","17":"tag-provence-alpes-cote-dazur","18":"tag-republique-francaise","19":"tag-toulon"},"share_on_mastodon":{"url":"https:\/\/pubeurope.com\/@fr\/114551626482589022","error":""},"_links":{"self":[{"href":"https:\/\/www.europesays.com\/fr\/wp-json\/wp\/v2\/posts\/119485","targetHints":{"allow":["GET"]}}],"collection":[{"href":"https:\/\/www.europesays.com\/fr\/wp-json\/wp\/v2\/posts"}],"about":[{"href":"https:\/\/www.europesays.com\/fr\/wp-json\/wp\/v2\/types\/post"}],"author":[{"embeddable":true,"href":"https:\/\/www.europesays.com\/fr\/wp-json\/wp\/v2\/users\/2"}],"replies":[{"embeddable":true,"href":"https:\/\/www.europesays.com\/fr\/wp-json\/wp\/v2\/comments?post=119485"}],"version-history":[{"count":0,"href":"https:\/\/www.europesays.com\/fr\/wp-json\/wp\/v2\/posts\/119485\/revisions"}],"wp:featuredmedia":[{"embeddable":true,"href":"https:\/\/www.europesays.com\/fr\/wp-json\/wp\/v2\/media\/119486"}],"wp:attachment":[{"href":"https:\/\/www.europesays.com\/fr\/wp-json\/wp\/v2\/media?parent=119485"}],"wp:term":[{"taxonomy":"category","embeddable":true,"href":"https:\/\/www.europesays.com\/fr\/wp-json\/wp\/v2\/categories?post=119485"},{"taxonomy":"post_tag","embeddable":true,"href":"https:\/\/www.europesays.com\/fr\/wp-json\/wp\/v2\/tags?post=119485"}],"curies":[{"name":"wp","href":"https:\/\/api.w.org\/{rel}","templated":true}]}}