{"id":119494,"date":"2025-05-22T13:11:12","date_gmt":"2025-05-22T13:11:12","guid":{"rendered":"https:\/\/www.europesays.com\/fr\/119494\/"},"modified":"2025-05-22T13:11:12","modified_gmt":"2025-05-22T13:11:12","slug":"de-la-fumee-et-des-gros-bouchons-attendus","status":"publish","type":"post","link":"https:\/\/www.europesays.com\/fr\/119494\/","title":{"rendered":"de la fum\u00e9e et des gros bouchons attendus"},"content":{"rendered":"<p>            Par<br \/>\n        <strong><br \/>\n            <a href=\"https:\/\/actu.fr\/auteur\/lisa-rodrigues\" title=\"Consulter tous les articles de Lisa Rodrigues\" rel=\"nofollow noopener\" target=\"_blank\">Lisa Rodrigues<\/a><br \/>\n        <\/strong><\/p>\n<p>        Publi\u00e9 le<\/p>\n<p>            22 mai 2025 \u00e0 10h41        <\/p>\n<p>Attendez-vous \u00e0 voir de nombreux v\u00e9hicules de secours et des forces de l\u2019ordre dans le secteur de <strong>l\u2019\u00e9changeur du Rondeau<\/strong>, au sud de l\u2019agglom\u00e9ration de <a href=\"https:\/\/actu.fr\/auvergne-rhone-alpes\/grenoble_38185\" rel=\"nofollow noopener\" target=\"_blank\">Grenoble<\/a>, jeudi 22 mai apr\u00e8s-midi.<\/p>\n<p class=\" wall-content\">De 14 heures jusqu\u2019\u00e0 18 heures environ, la pr\u00e9fecture de l\u2019Is\u00e8re annonce un <strong>exercice de s\u00e9curit\u00e9 grandeur nature<\/strong> au niveau de la tranch\u00e9e couverte du Rondeau, au niveau de la RN 87.<\/p>\n<p class=\" wall-content\">\n<p>\u00ab\u00a0Des d\u00e9gagements de fum\u00e9e \u00e0 pr\u00e9voir\u00a0\u00bb<\/p>\n<p class=\" wall-content\">Cette tranch\u00e9e couverte, inaugur\u00e9e mercredi 21 mai, doit \u00ab\u00a0<strong>fluidifier le trafic<\/strong> et s\u00e9curiser les \u00e9changes entre la rocade, l\u2019autoroute A480, Grenoble, <a href=\"https:\/\/actu.fr\/auvergne-rhone-alpes\/echirolles_38151\" rel=\"nofollow noopener\" target=\"_blank\">\u00c9chirolles<\/a> et Seyssins, tout en offrant des espaces de partage apais\u00e9s en surface et un cadre de vie am\u00e9lior\u00e9\u00a0\u00bb, selon le communiqu\u00e9 de presse de la pr\u00e9fecture.<\/p>\n<blockquote class=\"ac-article-quote wall-content\">\n<p>Cet exercice vise \u00e0 tester le bon fonctionnement des nouveaux \u00e9quipements de lutte<br \/>\ncontre l\u2019incendie et les dispositifs d\u2019\u00e9vacuation comme les issues de secours. Il permet<br \/>\n\u00e9galement de coordonner les proc\u00e9dures sur le terrain des diff\u00e9rents services<br \/>\nd\u2019intervention.<\/p>\n<p>    <strong>Pr\u00e9fecture de l&rsquo;Is\u00e8re<\/strong>\n            <\/p><\/blockquote>\n<p class=\" wall-content\">Pour l\u2019occasion, une partie du trafic sur le secteur risque d\u2019\u00eatre perturb\u00e9e. Il est ainsi annonc\u00e9 la <strong>fermeture de la rue de Tremblay<\/strong>, au niveau d\u2019\u00c9chirolles, pour permettre la bonne tenue de l\u2019exercice.<\/p>\n<p>Vid\u00e9os : en ce moment sur Actu<br \/>\n    <a href=\"https:\/\/www.google.com\/maps\/embed?pb=!1m18!1m12!1m3!1d1261.2717070298552!2d5.708349445306894!3d45.1583263730714!2m3!1f0!2f0!3f0!3m2!1i1024!2i768!4f13.1!3m3!1m2!1s0x478af4aaea42607b%3A0xafe816900573e91e!2sRue%20du%20Tremblay%2C%20%C3%89chirolles!5e0!3m2!1sfr!2sfr!4v1747901952048!5m2!1sfr!2sfr\" title=\"Ouvrie le lien\" rel=\"nofollow noopener\" target=\"_blank\">Cliquez ici pour visualiser le contenu<\/a><\/p>\n<p class=\" wall-content\">Aussi, \u00ab\u00a0des <strong>d\u00e9gagements de fum\u00e9e<\/strong> et une importante concentration de v\u00e9hicules de secours sont \u00e0 pr\u00e9voir\u00a0\u00bb dans le secteur, pr\u00e9cisent les services de la pr\u00e9fecture de l\u2019<a href=\"https:\/\/actu.fr\/auvergne-rhone-alpes\/isere_38\" rel=\"nofollow noopener\" target=\"_blank\">Is\u00e8re<\/a>.\u00a0<\/p>\n<p>Fin du chantier en 2025<\/p>\n<p class=\" wall-content\">Le co\u00fbt total des travaux de r\u00e9am\u00e9nagement du Rondeau, l\u2019un des principaux \u00e9changeurs routiers de <a href=\"https:\/\/actu.fr\/tag\/grenoble-alpes-metropole\" rel=\"nofollow noopener\" target=\"_blank\">Grenoble-Alpes M\u00e9tropole<\/a>\u00a0est estim\u00e9 \u00e0 <strong>153 millions d\u2019euros<\/strong>, financ\u00e9s par l\u2019\u00c9tat, la M\u00e9tropole, le D\u00e9partement de l\u2019Is\u00e8re et la R\u00e9gion Auvergne-Rh\u00f4ne-Alpes.<\/p>\n<p class=\" wall-content\">Le chantier du Rondeau doit se terminer d\u2019ici la fin de l\u2019ann\u00e9e 2025.<\/p>\n<p class=\" wall-content\">Suivez toute l\u2019actualit\u00e9 de vos villes et m\u00e9dias favoris en vous inscrivant \u00e0 <a href=\"https:\/\/moncompte.actu.fr\" title=\"D\u00e9couvez Mon Actu\" rel=\"nofollow noopener\" data-trk=\"{&quot;cta&quot;:{&quot;action&quot;:&quot;https:\\\/\\\/moncompte.actu.fr&quot;,&quot;category&quot;:&quot;mon compte&quot;,&quot;from&quot;:&quot;article footer&quot;,&quot;name&quot;:&quot;Mon actu&quot;,&quot;type&quot;:&quot;cta&quot;}}\" target=\"_blank\">Mon Actu<\/a>.<\/p>\n","protected":false},"excerpt":{"rendered":"Par Lisa Rodrigues Publi\u00e9 le 22 mai 2025 \u00e0 10h41 Attendez-vous \u00e0 voir de nombreux v\u00e9hicules de secours&hellip;\n","protected":false},"author":2,"featured_media":28805,"comment_status":"","ping_status":"","sticky":false,"template":"","format":"standard","meta":{"footnotes":""},"categories":[9566],"tags":[1111,11,2430,1777,674,1011,27,2731,12,1311,25,104,2086],"class_list":{"0":"post-119494","1":"post","2":"type-post","3":"status-publish","4":"format-standard","5":"has-post-thumbnail","7":"category-grenoble","8":"tag-actu","9":"tag-actualites","10":"tag-auvergne-rhone-alpes","11":"tag-eu","12":"tag-europe","13":"tag-fr","14":"tag-france","15":"tag-grenoble","16":"tag-news","17":"tag-pompiers","18":"tag-republique-francaise","19":"tag-societe","20":"tag-travaux"},"share_on_mastodon":{"url":"https:\/\/pubeurope.com\/@fr\/114551657902322939","error":""},"_links":{"self":[{"href":"https:\/\/www.europesays.com\/fr\/wp-json\/wp\/v2\/posts\/119494","targetHints":{"allow":["GET"]}}],"collection":[{"href":"https:\/\/www.europesays.com\/fr\/wp-json\/wp\/v2\/posts"}],"about":[{"href":"https:\/\/www.europesays.com\/fr\/wp-json\/wp\/v2\/types\/post"}],"author":[{"embeddable":true,"href":"https:\/\/www.europesays.com\/fr\/wp-json\/wp\/v2\/users\/2"}],"replies":[{"embeddable":true,"href":"https:\/\/www.europesays.com\/fr\/wp-json\/wp\/v2\/comments?post=119494"}],"version-history":[{"count":0,"href":"https:\/\/www.europesays.com\/fr\/wp-json\/wp\/v2\/posts\/119494\/revisions"}],"wp:featuredmedia":[{"embeddable":true,"href":"https:\/\/www.europesays.com\/fr\/wp-json\/wp\/v2\/media\/28805"}],"wp:attachment":[{"href":"https:\/\/www.europesays.com\/fr\/wp-json\/wp\/v2\/media?parent=119494"}],"wp:term":[{"taxonomy":"category","embeddable":true,"href":"https:\/\/www.europesays.com\/fr\/wp-json\/wp\/v2\/categories?post=119494"},{"taxonomy":"post_tag","embeddable":true,"href":"https:\/\/www.europesays.com\/fr\/wp-json\/wp\/v2\/tags?post=119494"}],"curies":[{"name":"wp","href":"https:\/\/api.w.org\/{rel}","templated":true}]}}