{"id":119523,"date":"2025-05-22T13:27:10","date_gmt":"2025-05-22T13:27:10","guid":{"rendered":"https:\/\/www.europesays.com\/fr\/119523\/"},"modified":"2025-05-22T13:27:10","modified_gmt":"2025-05-22T13:27:10","slug":"marseille-inaugure-son-premier-sentier-pollinier-au-parc-borely","status":"publish","type":"post","link":"https:\/\/www.europesays.com\/fr\/119523\/","title":{"rendered":"Marseille inaugure son premier sentier pollinier au parc Bor\u00e9ly"},"content":{"rendered":"<p><img loading=\"lazy\" decoding=\"async\" alt=\"\u00a9 Shutterstock - Le sentier propose de d\u00e9couvrir 24 esp\u00e8ces v\u00e9g\u00e9tales identifi\u00e9es pour leur potentiel allergisant.\" data-zoom-src=\"https:\/\/www.europesays.com\/fr\/wp-content\/uploads\/2025\/05\/initial-pollen-marseille-parc-borely.jpg\" data-zoomable=\"\" height=\"702\" src=\"https:\/\/www.europesays.com\/fr\/wp-content\/uploads\/2025\/05\/initial-pollen-marseille-parc-borely.jpg\" width=\"1248\"\/>  <\/p>\n<p class=\"article-desc\">\u00a9 Shutterstock &#8211; Le sentier propose de d\u00e9couvrir 24 esp\u00e8ces v\u00e9g\u00e9tales identifi\u00e9es pour leur potentiel allergisant. <\/p>\n<p>Ce 22 mai, la <strong>Ville de Marseille<\/strong> inaugure un <strong>sentier pollinier<\/strong> au c\u0153ur du <strong>parc Bor\u00e9ly<\/strong>, en pr\u00e9sence notamment du professeur Denis Charpin, <strong>pneumologue sp\u00e9cialiste des maladies respiratoires<\/strong>. <\/p>\n<p> Un parcours v\u00e9g\u00e9tal contre les allergies \u00e0 Marseille <\/p>\n<p>Long de 1,5 km, dont 500 m au sein du <strong>jardin botanique<\/strong>, ce parcours immersif vise \u00e0 <strong>sensibiliser<\/strong> le grand public aux <strong>effets des pollens sur la sant\u00e9<\/strong>, \u00e0 l&rsquo;heure o\u00f9 le <strong>d\u00e9r\u00e8glement climatique<\/strong> et la <strong>pollution<\/strong> aggravent les <strong>allergies respiratoires<\/strong>. <\/p>\n<p>Le sentier propose de d\u00e9couvrir 24 <strong>esp\u00e8ces v\u00e9g\u00e9tales<\/strong> identifi\u00e9es pour leur potentiel allergisant : <strong>arbres, arbustes et plantes herbac\u00e9es<\/strong> jalonnent l&rsquo;itin\u00e9raire.\u00a0 <\/p>\n<p> Un projet au croisement de la nature et de la sant\u00e9 <\/p>\n<p>Port\u00e9 par <a href=\"https:\/\/www.linkedin.com\/in\/nassera-benmarnia-774531213\/?originalSubdomain=fr\" rel=\"noopener nofollow\" target=\"_blank\">Nassera Benmarnia<\/a>, adjointe<strong> en charge du Retour de la nature en ville<\/strong>, et <a href=\"https:\/\/mesinfos.fr\/13000-marseille\/olivia-fortin-mon-action-je-la-resume-en-un-verbe-permettre-190436.html\" rel=\"noopener nofollow\" target=\"_blank\">Olivia Fortin, maire des 6e et 8e arrondissements<\/a>, le sentier pollinier s&rsquo;inscrit dans une strat\u00e9gie plus large de <strong>v\u00e9g\u00e9talisation et de p\u00e9dagogie environnementale<\/strong>.<\/p>\n","protected":false},"excerpt":{"rendered":"\u00a9 Shutterstock &#8211; Le sentier propose de d\u00e9couvrir 24 esp\u00e8ces v\u00e9g\u00e9tales identifi\u00e9es pour leur potentiel allergisant. Ce 22&hellip;\n","protected":false},"author":2,"featured_media":119524,"comment_status":"","ping_status":"","sticky":false,"template":"","format":"standard","meta":{"footnotes":""},"categories":[2814],"tags":[1111,11,15210,2085,1777,674,1011,27,884,12,6550,1800,882,25],"class_list":{"0":"post-119523","1":"post","2":"type-post","3":"status-publish","4":"format-standard","5":"has-post-thumbnail","7":"category-marseille","8":"tag-actu","9":"tag-actualites","10":"tag-allergies","11":"tag-biodiversitu00e9","12":"tag-eu","13":"tag-europe","14":"tag-fr","15":"tag-france","16":"tag-marseille","17":"tag-news","18":"tag-pollens","19":"tag-pollution","20":"tag-provence-alpes-cote-dazur","21":"tag-republique-francaise"},"share_on_mastodon":{"url":"https:\/\/pubeurope.com\/@fr\/114551720797831212","error":""},"_links":{"self":[{"href":"https:\/\/www.europesays.com\/fr\/wp-json\/wp\/v2\/posts\/119523","targetHints":{"allow":["GET"]}}],"collection":[{"href":"https:\/\/www.europesays.com\/fr\/wp-json\/wp\/v2\/posts"}],"about":[{"href":"https:\/\/www.europesays.com\/fr\/wp-json\/wp\/v2\/types\/post"}],"author":[{"embeddable":true,"href":"https:\/\/www.europesays.com\/fr\/wp-json\/wp\/v2\/users\/2"}],"replies":[{"embeddable":true,"href":"https:\/\/www.europesays.com\/fr\/wp-json\/wp\/v2\/comments?post=119523"}],"version-history":[{"count":0,"href":"https:\/\/www.europesays.com\/fr\/wp-json\/wp\/v2\/posts\/119523\/revisions"}],"wp:featuredmedia":[{"embeddable":true,"href":"https:\/\/www.europesays.com\/fr\/wp-json\/wp\/v2\/media\/119524"}],"wp:attachment":[{"href":"https:\/\/www.europesays.com\/fr\/wp-json\/wp\/v2\/media?parent=119523"}],"wp:term":[{"taxonomy":"category","embeddable":true,"href":"https:\/\/www.europesays.com\/fr\/wp-json\/wp\/v2\/categories?post=119523"},{"taxonomy":"post_tag","embeddable":true,"href":"https:\/\/www.europesays.com\/fr\/wp-json\/wp\/v2\/tags?post=119523"}],"curies":[{"name":"wp","href":"https:\/\/api.w.org\/{rel}","templated":true}]}}