{"id":119527,"date":"2025-05-22T13:29:11","date_gmt":"2025-05-22T13:29:11","guid":{"rendered":"https:\/\/www.europesays.com\/fr\/119527\/"},"modified":"2025-05-22T13:29:11","modified_gmt":"2025-05-22T13:29:11","slug":"lyon-veut-bien-finir-sa-saison-saison-en-montagnes-russes","status":"publish","type":"post","link":"https:\/\/www.europesays.com\/fr\/119527\/","title":{"rendered":"Lyon veut bien finir sa saison saison en montagnes russes"},"content":{"rendered":"<p><strong>Bath\u00a0&#8211; Lyon<\/strong><\/p>\n<p>En ballottage d\u00e9favorable pour les phases finales de Top\u00a014 apr\u00e8s \u00eatre sorti des tr\u00e9fonds du classement, Lyon esp\u00e8re embellir sa saison aux airs de montagnes russes en d\u00e9crochant la Challenge Cup, vendredi contre Bath, \u00e0 Cardiff.<\/p>\n<p>Depuis l\u2019arriv\u00e9e de l\u2019entra\u00eeneur Karim Ghezal en d\u00e9cembre, le Lou a bien rebondi durant l\u2019hiver, encha\u00eenant de bons r\u00e9sultats en Challenge comme en championnat, o\u00f9 il s\u2019est m\u00eame pris \u00e0 r\u00eaver des phases finales alors qu\u2019il pointait \u00e0 la 13e\u00a0place fin d\u00e9cembre. Mais deux courts revers, \u00e0 domicile contre Pau (29-27), et chez le Stade fran\u00e7ais (31-30), ont fortement entam\u00e9 les chances des Lyonnais de disputer les barrages.<\/p>\n<p>Apr\u00e8s avoir pr\u00e9serv\u00e9 ou mis sur le banc plusieurs cadres, un choix assum\u00e9 par Ghezal en vue de la finale europ\u00e9enne \u00e0 Cardiff, les Rhodaniens sont rentr\u00e9s dans le rang, et se sont \u00e9loign\u00e9s du Top\u00a06, \u00e0 la 11e\u00a0place. \u00ab\u00a0En d\u00e9but de saison, la majorit\u00e9 de l\u2019effectif avait fait de la Challenge Cup un objectif, assure l\u2019ouvreur L\u00e9o Berdeu. Nous avons envie de revivre les m\u00eames \u00e9motions qu\u2019\u00e0 Marseille (en 2022, lorsque Lyon a remport\u00e9 la Challenge Cup contre Toulon). Grande Coupe d\u2019Europe ou pas, cela reste un titre majeur.\u00a0\u00bb<\/p>\n<p>Un ticket pour la Champions Cup en jeu<\/p>\n<p>Moins prestigieuse que la Champions Cup, la Challenge Cup offre \u00e9galement \u00e0 son vainqueur un billet pour disputer sa s\u0153ur a\u00een\u00e9e l\u2019an prochain. La remporter serait donc \u00ab\u00a0une grosse satisfaction\u00a0\u00bb, assure le deuxi\u00e8me ligne F\u00e9lix Lambey.<\/p>\n<p>\u00ab\u00a0Quand nous avons gagn\u00e9 en 2022 \u00e0 Marseille, cela avait enclench\u00e9 une bonne dynamique\u00a0\u00bb, rappelle Lambey. Les Lyonnais avaient en effet termin\u00e9 l\u2019ann\u00e9e suivante \u00e0 la troisi\u00e8me place du Top\u00a014. \u00ab\u00a0Avec l\u2019arriv\u00e9e de Karim (Ghezal), ce sera un plus pour le futur de gagner cette comp\u00e9tition.\u00a0\u00bb<\/p>\n<p>Net vainqueur du Racing 92 dans un choc franco-fran\u00e7ais en demi-finale, le Lou est pourtant \u00ab\u00a0loin d\u2019\u00eatre favori\u00a0\u00bb face \u00e0 Bath selon Berdeu. Le leader du championnat anglais, qui a corrig\u00e9 son dauphin Leicester 43-15 le week-end dernier, brille autour de son fantasque ouvreur \u00e9cossais Finn Russell, mais pas seulement.<\/p>\n<p>Nous avons bloqu\u00e9 l&rsquo;affichage de ce contenu pour respecter vos choix en mati\u00e8re de cookies. En cliquant sur \u00ab\u00a0Accepter\u00a0\u00bb,\u00a0vous acceptez le d\u00e9p\u00f4t de cookies. Vous pouvez modifier vos choix \u00e0 tout moment en vous rendant sur <a class=\"blocSansConsentement_lien__m9THN\" href=\"https:\/\/www.lanouvellerepublique.fr\/politique-de-confidentialite\" target=\"_blank\" rel=\"noopener\">cette page<\/a>.<\/p>\n<p>Accepter<\/p>\n<p>Lyon pas favori<\/p>\n<p>Les Anglais peuvent compter sur \u00ab\u00a0un gros pack, avec de gros ballons port\u00e9s et une grosse m\u00eal\u00e9e\u00a0\u00bb, pr\u00e9vient Ghezal, qui se veut cependant confiant malgr\u00e9 les quelques trous d\u2019air de son \u00e9quipe ces derniers temps, notamment sur ces ballons port\u00e9s. \u00ab\u00a0C\u2019est dans la r\u00e9gularit\u00e9 que nous ne sommes pas pr\u00e9sents. Mais je suis persuad\u00e9 que mes avants seront pr\u00eats.\u00a0\u00bb<\/p>\n<p>Parmi ces avants, plusieurs font partie de la jeune garde lyonnaise, comme les deuxi\u00e8mes lignes Th\u00e9o William et Micka\u00ebl Guillard, deux des cadres de Lyon cette saison. \u00ab\u00a0Guillard\u00a0a pass\u00e9 un vrai cap la saison derni\u00e8re, et il en a encore franchi un cette saison, estime Lambey \u00e0 propos de son co\u00e9quipier qui a brill\u00e9 sous le maillot des Bleus en novembre et lors du Tournoi des 6 nations. Il tire les mecs vers le haut. Ce qu\u2019il fait cette saison est assez incroyable.\u00a0\u00bb<\/p>\n<p>Guillard, comme d\u2019autres jeunes Lyonnais, n\u2019a pas connu le titre de 2022. \u00ab\u00a0Cela explique aussi que nous allons jouer une finale, juge Lambey. Ces gars-l\u00e0 avaient v\u00e9cu la finale de 2022 de l\u2019ext\u00e9rieur. Ils ont envie de croquer et cela tire le groupe vers le haut.\u00a0\u00bb<\/p>\n<p>Vendredi 23\u00a0mai 2025 \u00e0 21\u00a0h.<\/p>\n","protected":false},"excerpt":{"rendered":"Bath\u00a0&#8211; Lyon En ballottage d\u00e9favorable pour les phases finales de Top\u00a014 apr\u00e8s \u00eatre sorti des tr\u00e9fonds du classement,&hellip;\n","protected":false},"author":2,"featured_media":119528,"comment_status":"","ping_status":"","sticky":false,"template":"","format":"standard","meta":{"footnotes":""},"categories":[1889],"tags":[1111,11,2430,7888,1777,674,1011,27,2428,74,12,25,479,60],"class_list":{"0":"post-119527","1":"post","2":"type-post","3":"status-publish","4":"format-standard","5":"has-post-thumbnail","7":"category-lyon","8":"tag-actu","9":"tag-actualites","10":"tag-auvergne-rhone-alpes","11":"tag-coupe-deurope-rugby","12":"tag-eu","13":"tag-europe","14":"tag-fr","15":"tag-france","16":"tag-lyon","17":"tag-monde","18":"tag-news","19":"tag-republique-francaise","20":"tag-rugby","21":"tag-sports"},"share_on_mastodon":{"url":"https:\/\/pubeurope.com\/@fr\/114551728771601475","error":""},"_links":{"self":[{"href":"https:\/\/www.europesays.com\/fr\/wp-json\/wp\/v2\/posts\/119527","targetHints":{"allow":["GET"]}}],"collection":[{"href":"https:\/\/www.europesays.com\/fr\/wp-json\/wp\/v2\/posts"}],"about":[{"href":"https:\/\/www.europesays.com\/fr\/wp-json\/wp\/v2\/types\/post"}],"author":[{"embeddable":true,"href":"https:\/\/www.europesays.com\/fr\/wp-json\/wp\/v2\/users\/2"}],"replies":[{"embeddable":true,"href":"https:\/\/www.europesays.com\/fr\/wp-json\/wp\/v2\/comments?post=119527"}],"version-history":[{"count":0,"href":"https:\/\/www.europesays.com\/fr\/wp-json\/wp\/v2\/posts\/119527\/revisions"}],"wp:featuredmedia":[{"embeddable":true,"href":"https:\/\/www.europesays.com\/fr\/wp-json\/wp\/v2\/media\/119528"}],"wp:attachment":[{"href":"https:\/\/www.europesays.com\/fr\/wp-json\/wp\/v2\/media?parent=119527"}],"wp:term":[{"taxonomy":"category","embeddable":true,"href":"https:\/\/www.europesays.com\/fr\/wp-json\/wp\/v2\/categories?post=119527"},{"taxonomy":"post_tag","embeddable":true,"href":"https:\/\/www.europesays.com\/fr\/wp-json\/wp\/v2\/tags?post=119527"}],"curies":[{"name":"wp","href":"https:\/\/api.w.org\/{rel}","templated":true}]}}